{"id":171878,"date":"2019-03-12T19:53:07","date_gmt":"2019-03-12T22:53:07","guid":{"rendered":"https:\/\/www.redenoticia.com.br\/noticia\/?p=171878"},"modified":"2019-03-12T19:53:10","modified_gmt":"2019-03-12T22:53:10","slug":"novela-essas-mulheres-resumo-13-03-duarte-tira-mila-do-hospicio","status":"publish","type":"post","link":"https:\/\/migracao.redenoticia.com.br\/noticia\/2019\/novela-essas-mulheres-resumo-13-03-duarte-tira-mila-do-hospicio\/171878","title":{"rendered":"Novela \u201cEssas Mulheres\u201d resumo 13\/03: Duarte tira Mila do hosp\u00edcio"},"content":{"rendered":"<p><em><strong><img loading=\"lazy\" decoding=\"async\" class=\"aligncenter size-large wp-image-148657\" src=\"https:\/\/migracao.redenoticia.com.br\/noticia\/imagens\/essas-mulhares-383x300.jpg\" alt=\"\" width=\"383\" height=\"300\" srcset=\"https:\/\/migracao.redenoticia.com.br\/noticia\/imagens\/essas-mulhares-383x300.jpg 383w, https:\/\/migracao.redenoticia.com.br\/noticia\/imagens\/essas-mulhares-239x187.jpg 239w, https:\/\/migracao.redenoticia.com.br\/noticia\/imagens\/essas-mulhares-150x117.jpg 150w, https:\/\/migracao.redenoticia.com.br\/noticia\/imagens\/essas-mulhares.jpg 460w\" sizes=\"auto, (max-width: 383px) 100vw, 383px\" \/>Novela \u201cEssas Mulheres\u201d resumo 13\/03<\/strong><\/em>: no capitulo 160 (*) da novela, quarta-feira, 13 de mar\u00e7o, Raimunda conta para Fernando, Mariquinhas e Camila, que Mila est\u00e1 no hosp\u00edcio. Augusto chega no quilombo. Lemos pede para Pe\u00e7anha, um amigo advogado dele, que acompanhe a audi\u00eancia de L\u00facia. Mariquinhas avisa Duarte sobre Mila. Geraldo e J\u00falia visitam Mila. L\u00facia revela na audi\u00eancia que Cunha \u00e9 respons\u00e1vel pelo bordel.<\/p>\n<p>Fernando encontra se encontra com Aur\u00e9lia no convento. Ele diz que tem um plano. Duarte tira Mila do hosp\u00edcio. Pe\u00e7anha conta para Lemos o que aconteceu na audi\u00eancia. Aur\u00e9lia e Fernando se trancam na cela de Aur\u00e9lia.<\/p>\n<p>(*) edi\u00e7\u00e3o da Rede Record, Novela \u201cEssas Mulheres\u201d, sujeito a altera\u00e7\u00e3o de data e conte\u00fado.<\/p>\n<p>\u201cEssas Mulheres\u201d &#8211; A trama se passa em 1880, na cidade do Rio de Janeiro, seguindo a vida de tr\u00eas mulheres fortes e determinadas. Aur\u00e9lia (Christine Fernandes), Maria da Gl\u00f3ria (Carla Cabral) e Mila (Miriam Freeland) s\u00e3o grandes amigas que frequentam as aulas de etiqueta juntas, por\u00e9m a vida n\u00e3o demora muito para coloca-las em rumos completamente diferentes. Aur\u00e9lia vivia com sua m\u00e3e e irm\u00e3o em uma casa de favor, por\u00e9m eles s\u00e3o expulsos quando seu tio Lemos (Paulo Gorgulho) vende o im\u00f3vel sem piedade, for\u00e7ando-os a ir morar de aluguel e ela trabalhar como empregada para a arrogante Adelaide (Adriana Garambone) \u2013 que a humilha constantemente e lhe rouba Fernando Seixas (Gabriel Braga Nunes), jornalista com quem ela vivia um romance.<\/p>\n","protected":false},"excerpt":{"rendered":"<p>Novela \u201cEssas Mulheres\u201d resumo 13\/03: no capitulo 160 (*) da novela, quarta-feira, 13 de mar\u00e7o, Raimunda conta para Fernando, Mariquinhas e Camila, que Mila est\u00e1 no hosp\u00edcio. Augusto chega no quilombo. Lemos pede para Pe\u00e7anha, um amigo advogado dele, que acompanhe a audi\u00eancia de L\u00facia. Mariquinhas avisa Duarte sobre Mila. Geraldo e J\u00falia visitam Mila. [&hellip;]<\/p>\n","protected":false},"author":2,"featured_media":148140,"comment_status":"open","ping_status":"closed","sticky":false,"template":"","format":"standard","meta":{"tdm_status":"","tdm_grid_status":"","footnotes":""},"categories":[379,371,343],"tags":[441],"class_list":{"0":"post-171878","1":"post","2":"type-post","3":"status-publish","4":"format-standard","5":"has-post-thumbnail","7":"category-novelas","8":"category-rede-record","9":"category-televisao","10":"tag-resumo-do-dia"},"_links":{"self":[{"href":"https:\/\/migracao.redenoticia.com.br\/noticia\/wp-json\/wp\/v2\/posts\/171878","targetHints":{"allow":["GET"]}}],"collection":[{"href":"https:\/\/migracao.redenoticia.com.br\/noticia\/wp-json\/wp\/v2\/posts"}],"about":[{"href":"https:\/\/migracao.redenoticia.com.br\/noticia\/wp-json\/wp\/v2\/types\/post"}],"author":[{"embeddable":true,"href":"https:\/\/migracao.redenoticia.com.br\/noticia\/wp-json\/wp\/v2\/users\/2"}],"replies":[{"embeddable":true,"href":"https:\/\/migracao.redenoticia.com.br\/noticia\/wp-json\/wp\/v2\/comments?post=171878"}],"version-history":[{"count":0,"href":"https:\/\/migracao.redenoticia.com.br\/noticia\/wp-json\/wp\/v2\/posts\/171878\/revisions"}],"wp:featuredmedia":[{"embeddable":true,"href":"https:\/\/migracao.redenoticia.com.br\/noticia\/wp-json\/wp\/v2\/media\/148140"}],"wp:attachment":[{"href":"https:\/\/migracao.redenoticia.com.br\/noticia\/wp-json\/wp\/v2\/media?parent=171878"}],"wp:term":[{"taxonomy":"category","embeddable":true,"href":"https:\/\/migracao.redenoticia.com.br\/noticia\/wp-json\/wp\/v2\/categories?post=171878"},{"taxonomy":"post_tag","embeddable":true,"href":"https:\/\/migracao.redenoticia.com.br\/noticia\/wp-json\/wp\/v2\/tags?post=171878"}],"curies":[{"name":"wp","href":"https:\/\/api.w.org\/{rel}","templated":true}]}}