{"id":1719,"date":"2009-05-17T20:00:57","date_gmt":"2009-05-18T00:00:57","guid":{"rendered":"http:\/\/www.redenoticia.com.br\/noticia\/?p=1719"},"modified":"2009-05-17T20:00:57","modified_gmt":"2009-05-18T00:00:57","slug":"parentes-das-vitimas-do-acidente-da-tam-se-reunem-em-sao-paulo","status":"publish","type":"post","link":"https:\/\/migracao.redenoticia.com.br\/noticia\/2009\/parentes-das-vitimas-do-acidente-da-tam-se-reunem-em-sao-paulo\/1719","title":{"rendered":"Parentes das v\u00edtimas do acidente da TAM se re\u00fanem em S\u00e3o Paulo"},"content":{"rendered":"<p><span style=\"font-family: Arial;\">Parentes das v\u00edtimas do voo TAM JJ3054, que explodiu no pr\u00e9dio da empresa, no Aeroporto de Congonhas, em julho de 2007, deixando 199 mortos, reuniram-se s\u00e1bado, na capital paulista, com o procurador da Rep\u00fablica Rodrigo de Grandis, respons\u00e1vel pelo inqu\u00e9rito no Minist\u00e9rio P\u00fablico Federal em S\u00e3o Paulo. Eles falaram sobre as investiga\u00e7\u00f5es que est\u00e3o sendo feitas na esferal federal. O advogado criminalista que representa as fam\u00edlias, Eduardo C\u00e9sar Leite, tamb\u00e9m participou do 19\u00ba encontro dos parentes das v\u00edtimas.<\/span><\/p>\n<p class=\"MsoNormal\" style=\"line-height: 12.75pt;\"><span style=\"font-family: Arial;\">Segundo o procurador da Rep\u00fablica Rodrigo de Grandis, as investiga\u00e7\u00f5es sobre as causas e culpados do acidente devem ser conclu\u00eddas nos pr\u00f3ximos meses, mas pelo fato de o inqu\u00e9rito policial correr em segredo de Justi\u00e7a, n\u00e3o h\u00e1 como adiantar detalhes. \u201cN\u00e3o posso adiantar nada, mas o inqu\u00e9rito corre em uma velocidade que eu considero razo\u00e1vel, e vamos esperar que nos pr\u00f3ximos meses o Minist\u00e9rio P\u00fablico Federal possa se manifestar conclusivamente sobre isso\u201d. Ele preferiu n\u00e3o determinar prazos para a conclus\u00e3o do inqu\u00e9rito.<\/span><\/p>\n<p class=\"MsoNormal\" style=\"line-height: 12.75pt;\"><span style=\"font-family: Arial;\">O presidente da Associa\u00e7\u00e3o dos Familiares e Amigos das V\u00edtimas do Voo TAM JJ3054 (Afavitam), Dario Scott, afirmou que o desejo dos parentes \u00e9 que seja imputada a pena m\u00e1xima aos culpados pelo acidente. \u201cIsso \u00e9 o que estamos discutindo com o Minist\u00e9rio P\u00fablico Federal, com o apoio do advogado. Queremos que os culpados pelo acidente paguem perante a Justi\u00e7a, n\u00e3o s\u00f3 para n\u00f3s familiares, mas para a popula\u00e7\u00e3o brasileira de uma forma geral\u201d.<\/span><\/p>\n<p class=\"MsoNormal\" style=\"line-height: 12.75pt;\"><span style=\"font-family: Arial;\">O advogado da Afavitam, Eduardo C\u00e9sar Leite, ressaltou que mesmo que o Minist\u00e9rio P\u00fablico e ele estejam do mesmo lado, buscando a puni\u00e7\u00e3o dos culpados, h\u00e1 vis\u00f5es antag\u00f4nicas sobre o tipo de crime cometido. Na conclus\u00e3o da Pol\u00edcia Civil, o crime foi tipificado como atentado contra a seguran\u00e7a do transporte \u00e1ereo, e o Minist\u00e9rio P\u00fablico caminha nessa dire\u00e7\u00e3o. J\u00e1 o criminalista considerou que foi cometido um crime com dolo eventual, ou seja, quando o autor sabe do risco e assume esse risco. <\/span><\/p>\n<p class=\"MsoNormal\" style=\"line-height: 12.75pt;\"><span style=\"font-family: Arial;\">\u201cIsso remeteria o processo para o tribunal do j\u00fari e sete jurados seriam respons\u00e1veis pelo julgamento. Ent\u00e3o, estamos discutindo a quest\u00e3o das teses que continuam antagonizadas e isso \u00e9 um preju\u00edzo, porque todos os requisitos necess\u00e1rios para o oferecimento da den\u00fancia do dolo eventual est\u00e3o configurados ao meu ver\u201d. <\/span><\/p>\n<p class=\"MsoNormal\" style=\"line-height: 12.75pt;\"><span style=\"font-family: Arial;\">Os parentes das v\u00edtimas continuam reunidos em S\u00e3o Paulo, onde participam de ato ecum\u00eanico.<\/span><\/p>\n<p class=\"MsoNormal\" style=\"margin-bottom: 12pt;\"><span style=\"font-family: Arial;\">Fl\u00e1via Albuquerque<br \/>\n<em>Rep\u00f3rter da Ag\u00eancia Brasil<\/em> <\/span><\/p>\n","protected":false},"excerpt":{"rendered":"<p>Parentes das v\u00edtimas do voo TAM JJ3054, que explodiu no pr\u00e9dio da empresa, no Aeroporto de Congonhas, em julho de 2007, deixando 199 mortos, reuniram-se s\u00e1bado, na capital paulista, com o procurador da Rep\u00fablica Rodrigo de Grandis, respons\u00e1vel pelo inqu\u00e9rito no Minist\u00e9rio P\u00fablico Federal em S\u00e3o Paulo. Eles falaram sobre as investiga\u00e7\u00f5es que est\u00e3o sendo [&hellip;]<\/p>\n","protected":false},"author":3,"featured_media":0,"comment_status":"open","ping_status":"open","sticky":false,"template":"","format":"standard","meta":{"tdm_status":"","tdm_grid_status":"","footnotes":""},"categories":[22],"tags":[],"class_list":{"0":"post-1719","1":"post","2":"type-post","3":"status-publish","4":"format-standard","6":"category-brasil"},"_links":{"self":[{"href":"https:\/\/migracao.redenoticia.com.br\/noticia\/wp-json\/wp\/v2\/posts\/1719","targetHints":{"allow":["GET"]}}],"collection":[{"href":"https:\/\/migracao.redenoticia.com.br\/noticia\/wp-json\/wp\/v2\/posts"}],"about":[{"href":"https:\/\/migracao.redenoticia.com.br\/noticia\/wp-json\/wp\/v2\/types\/post"}],"author":[{"embeddable":true,"href":"https:\/\/migracao.redenoticia.com.br\/noticia\/wp-json\/wp\/v2\/users\/3"}],"replies":[{"embeddable":true,"href":"https:\/\/migracao.redenoticia.com.br\/noticia\/wp-json\/wp\/v2\/comments?post=1719"}],"version-history":[{"count":0,"href":"https:\/\/migracao.redenoticia.com.br\/noticia\/wp-json\/wp\/v2\/posts\/1719\/revisions"}],"wp:attachment":[{"href":"https:\/\/migracao.redenoticia.com.br\/noticia\/wp-json\/wp\/v2\/media?parent=1719"}],"wp:term":[{"taxonomy":"category","embeddable":true,"href":"https:\/\/migracao.redenoticia.com.br\/noticia\/wp-json\/wp\/v2\/categories?post=1719"},{"taxonomy":"post_tag","embeddable":true,"href":"https:\/\/migracao.redenoticia.com.br\/noticia\/wp-json\/wp\/v2\/tags?post=1719"}],"curies":[{"name":"wp","href":"https:\/\/api.w.org\/{rel}","templated":true}]}}