{"id":171923,"date":"2019-03-13T14:58:05","date_gmt":"2019-03-13T17:58:05","guid":{"rendered":"https:\/\/www.redenoticia.com.br\/noticia\/?p=171923"},"modified":"2019-03-14T23:47:52","modified_gmt":"2019-03-15T02:47:52","slug":"luto-de-tres-dias-por-mortes-em-escola-de-suzano","status":"publish","type":"post","link":"https:\/\/migracao.redenoticia.com.br\/noticia\/2019\/luto-de-tres-dias-por-mortes-em-escola-de-suzano\/171923","title":{"rendered":"Luto de tr\u00eas dias por mortes em escola de Suzano"},"content":{"rendered":"<p>O governador de S\u00e3o Paulo, Jo\u00e3o Doria, decretou luto oficial de tr\u00eas dias, acompanhado das bandeiras a meio-mastro, por causa das mortes ocorridas na escola estadual Raul Brazil, em Suzano, no interior de S\u00e3o Paulo.<\/p>\n<p>Em nota, o governador disse lamentar profundamente a trag\u00e9dia e deixar \u201ctoda a sua solidariedade aos familiares e amigos das v\u00edtimas\u201d.<\/p>\n<p>O governador solicitou ainda apoio imediato a todas as v\u00edtimas e fam\u00edlias, o que implica em apoio psicossocial, psic\u00f3logos, alimenta\u00e7\u00e3o e ambul\u00e2ncia. Segundo a assessoria do governo, a prefeitura de Suzano tamb\u00e9m vai receber apoio material para amparar as fam\u00edlias. As a\u00e7\u00f5es relativas ao sepultamento ser\u00e3o amparadas pelo governo e pela prefeitura.<\/p>\n<p>Por meio de nota, a Secretaria de Seguran\u00e7a P\u00fablica confirmou que dois adolescentes armados e encapuzados invadiram a escola Raul Brasil e provocaram a morte de 10 pessoas, al\u00e9m de deixar 10 feridos.<\/p>\n<p>13\/03\/2019<br \/>\nPor Elaine Patricia Cruz \u2013 Rep\u00f3rter da Ag\u00eancia Brasil<br \/>\nEdi\u00e7\u00e3o: Gra\u00e7a Adjuto<br \/>\nhttp:\/\/agenciabrasil.ebc.com.br\/ultimas<\/p>\n","protected":false},"excerpt":{"rendered":"<p>O governador de S\u00e3o Paulo, Jo\u00e3o Doria, decretou luto oficial de tr\u00eas dias, acompanhado das bandeiras a meio-mastro, por causa das mortes ocorridas na escola estadual Raul Brazil, em Suzano, no interior de S\u00e3o Paulo. Em nota, o governador disse lamentar profundamente a trag\u00e9dia e deixar \u201ctoda a sua solidariedade aos familiares e amigos das [&hellip;]<\/p>\n","protected":false},"author":2,"featured_media":148461,"comment_status":"open","ping_status":"closed","sticky":false,"template":"","format":"standard","meta":{"tdm_status":"","tdm_grid_status":"","footnotes":""},"categories":[22],"tags":[],"class_list":{"0":"post-171923","1":"post","2":"type-post","3":"status-publish","4":"format-standard","5":"has-post-thumbnail","7":"category-brasil"},"_links":{"self":[{"href":"https:\/\/migracao.redenoticia.com.br\/noticia\/wp-json\/wp\/v2\/posts\/171923","targetHints":{"allow":["GET"]}}],"collection":[{"href":"https:\/\/migracao.redenoticia.com.br\/noticia\/wp-json\/wp\/v2\/posts"}],"about":[{"href":"https:\/\/migracao.redenoticia.com.br\/noticia\/wp-json\/wp\/v2\/types\/post"}],"author":[{"embeddable":true,"href":"https:\/\/migracao.redenoticia.com.br\/noticia\/wp-json\/wp\/v2\/users\/2"}],"replies":[{"embeddable":true,"href":"https:\/\/migracao.redenoticia.com.br\/noticia\/wp-json\/wp\/v2\/comments?post=171923"}],"version-history":[{"count":0,"href":"https:\/\/migracao.redenoticia.com.br\/noticia\/wp-json\/wp\/v2\/posts\/171923\/revisions"}],"wp:featuredmedia":[{"embeddable":true,"href":"https:\/\/migracao.redenoticia.com.br\/noticia\/wp-json\/wp\/v2\/media\/148461"}],"wp:attachment":[{"href":"https:\/\/migracao.redenoticia.com.br\/noticia\/wp-json\/wp\/v2\/media?parent=171923"}],"wp:term":[{"taxonomy":"category","embeddable":true,"href":"https:\/\/migracao.redenoticia.com.br\/noticia\/wp-json\/wp\/v2\/categories?post=171923"},{"taxonomy":"post_tag","embeddable":true,"href":"https:\/\/migracao.redenoticia.com.br\/noticia\/wp-json\/wp\/v2\/tags?post=171923"}],"curies":[{"name":"wp","href":"https:\/\/api.w.org\/{rel}","templated":true}]}}