{"id":172018,"date":"2019-03-14T16:56:08","date_gmt":"2019-03-14T19:56:08","guid":{"rendered":"https:\/\/www.redenoticia.com.br\/noticia\/?p=172018"},"modified":"2019-03-14T16:56:11","modified_gmt":"2019-03-14T19:56:11","slug":"resumo-novela-cumplices-de-um-resgate-15-03-felipe-joaquim-e-julia-descobrem-que-isabela-foi-sequestrada","status":"publish","type":"post","link":"https:\/\/migracao.redenoticia.com.br\/noticia\/2019\/resumo-novela-cumplices-de-um-resgate-15-03-felipe-joaquim-e-julia-descobrem-que-isabela-foi-sequestrada\/172018","title":{"rendered":"Resumo novela \u201cC\u00famplices de um Resgate\u201d 15\/03: Felipe, Joaquim e Julia descobrem que Isabela foi sequestrada"},"content":{"rendered":"<p><img loading=\"lazy\" decoding=\"async\" class=\"aligncenter size-large wp-image-164526\" src=\"https:\/\/migracao.redenoticia.com.br\/noticia\/imagens\/cumplices-de-um-resgate-001-316x300.jpg\" alt=\"\" width=\"316\" height=\"300\" srcset=\"https:\/\/migracao.redenoticia.com.br\/noticia\/imagens\/cumplices-de-um-resgate-001-316x300.jpg 316w, https:\/\/migracao.redenoticia.com.br\/noticia\/imagens\/cumplices-de-um-resgate-001-197x187.jpg 197w, https:\/\/migracao.redenoticia.com.br\/noticia\/imagens\/cumplices-de-um-resgate-001-150x143.jpg 150w, https:\/\/migracao.redenoticia.com.br\/noticia\/imagens\/cumplices-de-um-resgate-001.jpg 526w\" sizes=\"auto, (max-width: 316px) 100vw, 316px\" \/> Resumo novela \u201cC\u00famplices de um Resgate\u201d 15\/03 : no cap\u00edtulo 050 (*) da novela, sexta-feira, 15 de mar\u00e7o, para a surpresa de todos, Fiorina n\u00e3o tem um ataque de ci\u00fame, mas sim leva um bolo para que todos possam comer algo. Giuseppe diz estar orgulhoso dela. Fiorina fala baixo para ele n\u00e3o se orgulhar, pois em casa ter\u00e3o uma conversa. Os irm\u00e3os Vaz chegam em casa e Alicia pergunta o que \u00e9 a perna do manequim que estava l\u00e1. Ot\u00e1vio sai com pressa do escrit\u00f3rio e Safira se irrita. Os irm\u00e3os revelam que usavam o manequim para que Meire acreditasse que Flora estava l\u00e1. Manuela acorda e Laura tenta convencer a pequena a comer algo, mas n\u00e3o consegue.<\/p>\n<p>Isabela sente uma ang\u00fastia sobre Manuela. Isabela diz para Marina que Manuela nao deve jamais saber que s\u00e3o irm\u00e3s g\u00eameas. Regina vai at\u00e9 o por\u00e3o e diz ter uma proposta para a bab\u00e1, pois se ela se comportar poder\u00e1 cuidar de Manuela, que n\u00e3o quer mais comer. Dami\u00e3o est\u00e1 preocupado com o sumi\u00e7o de Marina e acha que Regina pode ter feito algo com ela. Aurora acha que Priscila precisa se afastar de Geraldo. Fortunado, que n\u00e3o sabe que Geraldo \u00e9 pai dela, n\u00e3o entende o motivo pelo qual a esposa quer que a neta saia da banda. Geraldo coloca seu plano em a\u00e7\u00e3o e diz para Safira que pensa em se reaproximar de Priscila como pai. Safira diz que nem pensar e se ele tentar se revelar como pai ela a afastar\u00e1 dele. Geraldo fica contente, pois esse \u00e9 o plano. Ot\u00e1vio vai at\u00e9 o vilarejo, diz para Rebeca que foi assim que ficou sabendo do que aconteceu e que quer ajudar no que for preciso.<\/p>\n<p>Safira vai at\u00e9 a casa dos pais e conta para Aurora e Fortunato que n\u00e3o quer mais Priscila indo ao est\u00fadio ou fazendo parte da banda. Safira diz que decidiu enviar Priscila para um interc\u00e2mbio. Vicente e Geraldo dizem que Isabela \u00e9 a melhor solu\u00e7\u00e3o para a banda no lugar de Priscila. Felipe diz para Joaquim e Julia que viu um an\u00fancio na rede social de que Isabela foi sequestrada. Assim que os irm\u00e3os veem, a imagem some e eles n\u00e3o conseguem confirmar a informa\u00e7\u00e3o. Na verdade a foto \u00e9 sobre Manuela. Ningu\u00e9m atende na mans\u00e3o, a rede social da garota foi bloqueada no celular na caixa postal. Os irm\u00e3os Vaz decidem averiguar para saber se est\u00e1 tudo bem.<\/p>\n<p>T\u00e9o, Mateus e D\u00f3ris procuram Manuela no vilarejo ao lado de Priscila. Sabrina aconselha os amigos a montarem nos cavalos, mesmo sem permiss\u00e3o de adultos para procurar Manuela. D\u00f3ris cai do cavalo e Sabrina vai embora deixando ela sozinha com T\u00e9o e Mateus. Clara chama a aten\u00e7\u00e3o dos filhos, mas Mateus e D\u00f3ris contam que s\u00f3 confiaram em Sabrina por ela contar que era a amiga misteriosa de Manuela. Rebeca recebe uma liga\u00e7\u00e3o da delegacia e vai at\u00e9 o local para averiguar se a garota que encontraram se trata mesmo de Manuela. Vicente vai com as crian\u00e7as da banda C\u00famplices de Um Resgate at\u00e9 a mans\u00e3o de Regina. Felipe conta que viu um an\u00fancio sobre desaparecimento de Isabela e pergunta para Regina se \u00e9 verdade.<\/p>\n<p>(*) edi\u00e7\u00e3o do SBT, Novela \u201cC\u00famplices de um Resgate\u201d, sujeito a altera\u00e7\u00e3o de data e conte\u00fado.<\/p>\n","protected":false},"excerpt":{"rendered":"<p>Resumo novela \u201cC\u00famplices de um Resgate\u201d 15\/03 : no cap\u00edtulo 050 (*) da novela, sexta-feira, 15 de mar\u00e7o, para a surpresa de todos, Fiorina n\u00e3o tem um ataque de ci\u00fame, mas sim leva um bolo para que todos possam comer algo. Giuseppe diz estar orgulhoso dela. Fiorina fala baixo para ele n\u00e3o se orgulhar, pois [&hellip;]<\/p>\n","protected":false},"author":4,"featured_media":164526,"comment_status":"open","ping_status":"closed","sticky":false,"template":"","format":"standard","meta":{"tdm_status":"","tdm_grid_status":"","footnotes":""},"categories":[379,372,343],"tags":[441],"class_list":{"0":"post-172018","1":"post","2":"type-post","3":"status-publish","4":"format-standard","5":"has-post-thumbnail","7":"category-novelas","8":"category-sbt","9":"category-televisao","10":"tag-resumo-do-dia"},"_links":{"self":[{"href":"https:\/\/migracao.redenoticia.com.br\/noticia\/wp-json\/wp\/v2\/posts\/172018","targetHints":{"allow":["GET"]}}],"collection":[{"href":"https:\/\/migracao.redenoticia.com.br\/noticia\/wp-json\/wp\/v2\/posts"}],"about":[{"href":"https:\/\/migracao.redenoticia.com.br\/noticia\/wp-json\/wp\/v2\/types\/post"}],"author":[{"embeddable":true,"href":"https:\/\/migracao.redenoticia.com.br\/noticia\/wp-json\/wp\/v2\/users\/4"}],"replies":[{"embeddable":true,"href":"https:\/\/migracao.redenoticia.com.br\/noticia\/wp-json\/wp\/v2\/comments?post=172018"}],"version-history":[{"count":0,"href":"https:\/\/migracao.redenoticia.com.br\/noticia\/wp-json\/wp\/v2\/posts\/172018\/revisions"}],"wp:featuredmedia":[{"embeddable":true,"href":"https:\/\/migracao.redenoticia.com.br\/noticia\/wp-json\/wp\/v2\/media\/164526"}],"wp:attachment":[{"href":"https:\/\/migracao.redenoticia.com.br\/noticia\/wp-json\/wp\/v2\/media?parent=172018"}],"wp:term":[{"taxonomy":"category","embeddable":true,"href":"https:\/\/migracao.redenoticia.com.br\/noticia\/wp-json\/wp\/v2\/categories?post=172018"},{"taxonomy":"post_tag","embeddable":true,"href":"https:\/\/migracao.redenoticia.com.br\/noticia\/wp-json\/wp\/v2\/tags?post=172018"}],"curies":[{"name":"wp","href":"https:\/\/api.w.org\/{rel}","templated":true}]}}