{"id":172028,"date":"2019-03-14T17:01:40","date_gmt":"2019-03-14T20:01:40","guid":{"rendered":"https:\/\/www.redenoticia.com.br\/noticia\/?p=172028"},"modified":"2019-03-14T17:01:43","modified_gmt":"2019-03-14T20:01:43","slug":"resumo-novela-verao-90-15-03-janaina-aceita-a-ajuda-de-joao-no-restaurante","status":"publish","type":"post","link":"https:\/\/migracao.redenoticia.com.br\/noticia\/2019\/resumo-novela-verao-90-15-03-janaina-aceita-a-ajuda-de-joao-no-restaurante\/172028","title":{"rendered":"Resumo novela \u201cVer\u00e3o 90\u201d 15\/03: Jana\u00edna aceita a ajuda de Jo\u00e3o no restaurante"},"content":{"rendered":"<p><em><strong><img loading=\"lazy\" decoding=\"async\" class=\"aligncenter size-large wp-image-167197\" src=\"https:\/\/migracao.redenoticia.com.br\/noticia\/imagens\/verao-90-001-299x300.jpg\" alt=\"\" width=\"299\" height=\"300\" srcset=\"https:\/\/migracao.redenoticia.com.br\/noticia\/imagens\/verao-90-001-299x300.jpg 299w, https:\/\/migracao.redenoticia.com.br\/noticia\/imagens\/verao-90-001-186x187.jpg 186w, https:\/\/migracao.redenoticia.com.br\/noticia\/imagens\/verao-90-001-560x562.jpg 560w, https:\/\/migracao.redenoticia.com.br\/noticia\/imagens\/verao-90-001.jpg 614w\" sizes=\"auto, (max-width: 299px) 100vw, 299px\" \/>Resumo novela \u201cVer\u00e3o 90\u201d 15\/03 <\/strong><\/em> : no cap\u00edtulo 040(*) da novela, resumo sexta-feira, 15 de mar\u00e7o de mar\u00e7o, Jo\u00e3o procura Jer\u00f4nimo no hotel e garante que assistir\u00e1 \u00e0 queda do irm\u00e3o. Jer\u00f4nimo tem uma crise de p\u00e2nico. Mercedes humilha Gisela. Jofre disfar\u00e7a sua preocupa\u00e7\u00e3o com Lidiane, diante de Manuela. Mercedes vai atr\u00e1s de Quinz\u00e3o e encontra Jer\u00f4nimo com Luana na cama. \u00c1lamo \u00e9 rude com Gisela na loja, sob orienta\u00e7\u00e3o de Mercedes. Quinz\u00e3o inventa para Mercedes que Jer\u00f4nimo est\u00e1 namorando Luana. Lidiane convence Herculano a participar da campanha publicit\u00e1ria e os dois encarnam Pantera e Gat\u00e3o. Jana\u00edna aceita a ajuda de Jo\u00e3o no restaurante.<\/p>\n<p>Jer\u00f4nimo convida Manu para ir \u00e0 festa que ser\u00e1 realizada em sua homenagem na Doutor Spock. Jana\u00edna n\u00e3o imagina que foi contratada para oferecer o buffet da festa em homenagem a Jer\u00f4nimo. Herculano se desespera ao ver um outdoor com ele e Lidiane fantasiados para a campanha publicit\u00e1ria de uma rede de mot\u00e9is. Jer\u00f4nimo recebe uma carta an\u00f4nima com a grava\u00e7\u00e3o de sua conversa com Quinzinho sobre o depoimento de Vanessa.<\/p>\n<p>(*) edi\u00e7\u00e3o da Rede Globo, Novela \u201cVer\u00e3o 90\u201d, sujeito a altera\u00e7\u00e3o de data e conte\u00fado.<\/p>\n<p>Sinopse \u201cVer\u00e3o 90\u201d: O Rio de Janeiro da d\u00e9cada de 1990, a cultura efervescente da \u00e9poca, os acontecimentos sociais e pol\u00edticos, a m\u00fasica e a moda est\u00e3o presentes em \u2018Ver\u00e3o 90\u2019, uma com\u00e9dia rom\u00e2ntica, solar e musical, escrita por Izabel de Oliveira e Paula Amaral, com dire\u00e7\u00e3o art\u00edstica de Jorge Fernando. A pr\u00f3xima novela das sete vai mostrar a trajet\u00f3ria de tr\u00eas ex-astros mirins e suas m\u00e3es batalhadoras, Lidiane (Claudia Raia) e Jana\u00edna (Dira Paes), cada uma a seu modo. A previs\u00e3o de estreia \u00e9 para o in\u00edcio de 2019. A hist\u00f3ria rom\u00e2ntica e musical que tem como protagonistas o trio Jo\u00e3o (Jo\u00e3o Bravo\/Rafael Vitti), Manuzita (Melissa N\u00f3brega\/Isabelle Drummond) e Jer\u00f4nimo (Diogo Caruso\/Jesu\u00edta Barbosa).<\/p>\n","protected":false},"excerpt":{"rendered":"<p>Resumo novela \u201cVer\u00e3o 90\u201d 15\/03 : no cap\u00edtulo 040(*) da novela, resumo sexta-feira, 15 de mar\u00e7o de mar\u00e7o, Jo\u00e3o procura Jer\u00f4nimo no hotel e garante que assistir\u00e1 \u00e0 queda do irm\u00e3o. Jer\u00f4nimo tem uma crise de p\u00e2nico. Mercedes humilha Gisela. Jofre disfar\u00e7a sua preocupa\u00e7\u00e3o com Lidiane, diante de Manuela. Mercedes vai atr\u00e1s de Quinz\u00e3o e [&hellip;]<\/p>\n","protected":false},"author":4,"featured_media":167198,"comment_status":"open","ping_status":"closed","sticky":false,"template":"","format":"standard","meta":{"tdm_status":"","tdm_grid_status":"","footnotes":""},"categories":[379,375,343,536],"tags":[441],"class_list":{"0":"post-172028","1":"post","2":"type-post","3":"status-publish","4":"format-standard","5":"has-post-thumbnail","7":"category-novelas","8":"category-rede-globo","9":"category-televisao","10":"category-verao-90","11":"tag-resumo-do-dia"},"_links":{"self":[{"href":"https:\/\/migracao.redenoticia.com.br\/noticia\/wp-json\/wp\/v2\/posts\/172028","targetHints":{"allow":["GET"]}}],"collection":[{"href":"https:\/\/migracao.redenoticia.com.br\/noticia\/wp-json\/wp\/v2\/posts"}],"about":[{"href":"https:\/\/migracao.redenoticia.com.br\/noticia\/wp-json\/wp\/v2\/types\/post"}],"author":[{"embeddable":true,"href":"https:\/\/migracao.redenoticia.com.br\/noticia\/wp-json\/wp\/v2\/users\/4"}],"replies":[{"embeddable":true,"href":"https:\/\/migracao.redenoticia.com.br\/noticia\/wp-json\/wp\/v2\/comments?post=172028"}],"version-history":[{"count":0,"href":"https:\/\/migracao.redenoticia.com.br\/noticia\/wp-json\/wp\/v2\/posts\/172028\/revisions"}],"wp:featuredmedia":[{"embeddable":true,"href":"https:\/\/migracao.redenoticia.com.br\/noticia\/wp-json\/wp\/v2\/media\/167198"}],"wp:attachment":[{"href":"https:\/\/migracao.redenoticia.com.br\/noticia\/wp-json\/wp\/v2\/media?parent=172028"}],"wp:term":[{"taxonomy":"category","embeddable":true,"href":"https:\/\/migracao.redenoticia.com.br\/noticia\/wp-json\/wp\/v2\/categories?post=172028"},{"taxonomy":"post_tag","embeddable":true,"href":"https:\/\/migracao.redenoticia.com.br\/noticia\/wp-json\/wp\/v2\/tags?post=172028"}],"curies":[{"name":"wp","href":"https:\/\/api.w.org\/{rel}","templated":true}]}}