{"id":172089,"date":"2019-03-01T23:32:18","date_gmt":"2019-03-02T02:32:18","guid":{"rendered":"https:\/\/www.redenoticia.com.br\/noticia\/?p=172089"},"modified":"2019-03-18T00:01:30","modified_gmt":"2019-03-18T03:01:30","slug":"bbb-19-enquete-votacao-quem-gabriela-deve-indicar-para-o-paredao","status":"publish","type":"post","link":"https:\/\/migracao.redenoticia.com.br\/noticia\/2019\/bbb-19-enquete-votacao-quem-gabriela-deve-indicar-para-o-paredao\/172089","title":{"rendered":"\u201cBBB\u201d 19: quem Gabriela deve indicar para o pared\u00e3o"},"content":{"rendered":"<p><strong><em><img loading=\"lazy\" decoding=\"async\" class=\"aligncenter size-large wp-image-166033\" src=\"https:\/\/migracao.redenoticia.com.br\/noticia\/imagens\/BBB-enquete-votacao-400x205.jpg\" alt=\"\" width=\"400\" height=\"205\" srcset=\"https:\/\/migracao.redenoticia.com.br\/noticia\/imagens\/BBB-enquete-votacao-400x205.jpg 400w, https:\/\/migracao.redenoticia.com.br\/noticia\/imagens\/BBB-enquete-votacao-250x128.jpg 250w, https:\/\/migracao.redenoticia.com.br\/noticia\/imagens\/BBB-enquete-votacao-768x393.jpg 768w, https:\/\/migracao.redenoticia.com.br\/noticia\/imagens\/BBB-enquete-votacao-696x356.jpg 696w, https:\/\/migracao.redenoticia.com.br\/noticia\/imagens\/BBB-enquete-votacao-150x77.jpg 150w, https:\/\/migracao.redenoticia.com.br\/noticia\/imagens\/BBB-enquete-votacao-560x287.jpg 560w, https:\/\/migracao.redenoticia.com.br\/noticia\/imagens\/BBB-enquete-votacao.jpg 885w\" sizes=\"auto, (max-width: 400px) 100vw, 400px\" \/>&#8220;BBB&#8221; 19 enquete (Prova do L\u00edder 14\/03)<\/em><\/strong>: os participantes pegaram letras na piscina de bolas, formaram palavras e localizaram figuras de sapatos. Gabriela terminou tudo no menor tempo e venceu a prova. Ela indicou Paula para o Pared\u00e3o<\/p>\n<p>Destaques<\/p>\n<p>Perfil dos confinados:<\/p>\n<p>Alan &#8211; empres\u00e1rio e administrador, o brother, de Crici\u00fama (SC), tem 26 anos e \u00e9 considerado mulherengo pela fam\u00edlia.<\/p>\n<p>Carolina &#8211; a baiana tem 33 anos, \u00e9 publicit\u00e1ria e empres\u00e1ria. O seu amuleto \u00e9 dar &#8220;Bom dia&#8221; ao sol.<\/p>\n<p>Danrley &#8211; brother mais jovem da edi\u00e7\u00e3o. O carioca tem 19 anos, cursa Biologia e vende picol\u00e9 na praia nos fins de semana.<\/p>\n<p>Elana &#8211; tem 25 anos, \u00e9 engenheira agr\u00f4noma e mora no sert\u00e3o do Piau\u00ed. Seu primeiro banho de chuveiro foi aos seis anos de idade.<\/p>\n<p>Gabriela &#8211; com 32 anos, a sister mora em Ribeir\u00e3o Preto e \u00e9 designer gr\u00e1fica e percussionista. \u00c9 f\u00e3 de Beyonc\u00e9 e imitava as Spice Girls na inf\u00e2ncia.<\/p>\n<p>Hariany &#8211; mora em Senador Canedo, Goi\u00e1s, tem 21 anos, estuda Design de Moda e sonha em ser famosa. A sister j\u00e1 ficou com tr\u00eas sertanejos famosos.<\/p>\n<p>Paula &#8211; Bacharel em Direito, tem 28 anos, \u00e9 de Lagoa Santa, Minas Gerais. A sister \u00e9 dona de uma porca, a Pippa.<\/p>\n<p>R\u00edzia &#8211; de 24 anos. A alagoana, de S\u00e3o Miguel dos Campos, luta por quest\u00f5es sociais. \u00c9 apaixonada por fotografia.<\/p>\n<p>Rodrigo &#8211; tem 40 anos, \u00e9 trig\u00eameo e defende a representatividade dos negros. O carioca ensinou a av\u00f3 a ler.<\/p>\n<p>Fonte e imagem &#8220;BBB&#8221; 19 Rede Globo<\/p>\n","protected":false},"excerpt":{"rendered":"<p>&#8220;BBB&#8221; 19 enquete (Prova do L\u00edder 14\/03): os participantes pegaram letras na piscina de bolas, formaram palavras e localizaram figuras de sapatos. Gabriela terminou tudo no menor tempo e venceu a prova. Ela indicou Paula para o Pared\u00e3o Destaques Perfil dos confinados: Alan &#8211; empres\u00e1rio e administrador, o brother, de Crici\u00fama (SC), tem 26 anos [&hellip;]<\/p>\n","protected":false},"author":2,"featured_media":166031,"comment_status":"open","ping_status":"closed","sticky":false,"template":"","format":"standard","meta":{"tdm_status":"","tdm_grid_status":"","footnotes":""},"categories":[520,388,375,343],"tags":[466,521],"class_list":{"0":"post-172089","1":"post","2":"type-post","3":"status-publish","4":"format-standard","5":"has-post-thumbnail","7":"category-big-brother-brasil","8":"category-destaques","9":"category-rede-globo","10":"category-televisao","11":"tag-bbb","12":"tag-enquete"},"_links":{"self":[{"href":"https:\/\/migracao.redenoticia.com.br\/noticia\/wp-json\/wp\/v2\/posts\/172089","targetHints":{"allow":["GET"]}}],"collection":[{"href":"https:\/\/migracao.redenoticia.com.br\/noticia\/wp-json\/wp\/v2\/posts"}],"about":[{"href":"https:\/\/migracao.redenoticia.com.br\/noticia\/wp-json\/wp\/v2\/types\/post"}],"author":[{"embeddable":true,"href":"https:\/\/migracao.redenoticia.com.br\/noticia\/wp-json\/wp\/v2\/users\/2"}],"replies":[{"embeddable":true,"href":"https:\/\/migracao.redenoticia.com.br\/noticia\/wp-json\/wp\/v2\/comments?post=172089"}],"version-history":[{"count":0,"href":"https:\/\/migracao.redenoticia.com.br\/noticia\/wp-json\/wp\/v2\/posts\/172089\/revisions"}],"wp:featuredmedia":[{"embeddable":true,"href":"https:\/\/migracao.redenoticia.com.br\/noticia\/wp-json\/wp\/v2\/media\/166031"}],"wp:attachment":[{"href":"https:\/\/migracao.redenoticia.com.br\/noticia\/wp-json\/wp\/v2\/media?parent=172089"}],"wp:term":[{"taxonomy":"category","embeddable":true,"href":"https:\/\/migracao.redenoticia.com.br\/noticia\/wp-json\/wp\/v2\/categories?post=172089"},{"taxonomy":"post_tag","embeddable":true,"href":"https:\/\/migracao.redenoticia.com.br\/noticia\/wp-json\/wp\/v2\/tags?post=172089"}],"curies":[{"name":"wp","href":"https:\/\/api.w.org\/{rel}","templated":true}]}}