{"id":172200,"date":"2019-03-16T11:17:24","date_gmt":"2019-03-16T14:17:24","guid":{"rendered":"https:\/\/www.redenoticia.com.br\/noticia\/?p=172200"},"modified":"2019-03-16T11:17:26","modified_gmt":"2019-03-16T14:17:26","slug":"resumo-novela-cumplices-de-um-resgate-18-03-damiao-teme-regina","status":"publish","type":"post","link":"https:\/\/migracao.redenoticia.com.br\/noticia\/2019\/resumo-novela-cumplices-de-um-resgate-18-03-damiao-teme-regina\/172200","title":{"rendered":"Resumo novela \u201cC\u00famplices de um Resgate\u201d 18\/03: Dami\u00e3o teme Regina"},"content":{"rendered":"<p><img loading=\"lazy\" decoding=\"async\" class=\"aligncenter size-large wp-image-164526\" src=\"https:\/\/migracao.redenoticia.com.br\/noticia\/imagens\/cumplices-de-um-resgate-001-316x300.jpg\" alt=\"\" width=\"316\" height=\"300\" srcset=\"https:\/\/migracao.redenoticia.com.br\/noticia\/imagens\/cumplices-de-um-resgate-001-316x300.jpg 316w, https:\/\/migracao.redenoticia.com.br\/noticia\/imagens\/cumplices-de-um-resgate-001-197x187.jpg 197w, https:\/\/migracao.redenoticia.com.br\/noticia\/imagens\/cumplices-de-um-resgate-001-150x143.jpg 150w, https:\/\/migracao.redenoticia.com.br\/noticia\/imagens\/cumplices-de-um-resgate-001.jpg 526w\" sizes=\"auto, (max-width: 316px) 100vw, 316px\" \/> Resumo novela \u201cC\u00famplices de um Resgate\u201d 18\/03 : no cap\u00edtulo 051(*) da novela, segunda-feira, 18 de mar\u00e7o, para a surpresa de todos, Fiorina n\u00e3o tem um ataque de ci\u00fame, mas sim leva um bolo para que todos possam comer algo. Giuseppe diz estar orgulhoso dela. Fiorina fala baixo para ele n\u00e3o se orgulhar, pois em casa ter\u00e3o uma conversa. Os irm\u00e3os Vaz chegam em casa e Alicia pergunta o que \u00e9 a perna do manequim que estava l\u00e1. Ot\u00e1vio sai com pressa do escrit\u00f3rio e Safira se irrita. Os irm\u00e3os revelam que usavam o manequim para que Meire acreditasse que Flora estava l\u00e1.<\/p>\n<p>Manuela acorda e Laura tenta convencer a pequena a comer algo, mas n\u00e3o consegue. Isabela sente uma ang\u00fastia sobre Manuela. Isabela diz para Marina que Manuela n\u00e3o deve jamais saber que s\u00e3o irm\u00e3s g\u00eameas. Regina vai at\u00e9 o por\u00e3o e diz ter uma proposta para a bab\u00e1, pois se ela se comportar poder\u00e1 cuidar de Manuela, que n\u00e3o quer mais comer. Dami\u00e3o est\u00e1 preocupado com o sumi\u00e7o de Marina e acha que Regina pode ter feito algo com ela.<\/p>\n<p>Aurora acha que Priscila precisa se afastar de Geraldo. Fortunado, que n\u00e3o sabe que Geraldo \u00e9 pai dela, n\u00e3o entende o motivo pelo qual a esposa quer que a neta saia da banda. Geraldo coloca seu plano em a\u00e7\u00e3o e diz para Safira que pensa em se reaproximar de Priscila como pai. Safira diz que nem pensar e se ele tentar se revelar como pai ela a afastar\u00e1 dele. Geraldo fica contente, pois esse \u00e9 o plano.<\/p>\n<p>(*) edi\u00e7\u00e3o do SBT, Novela \u201cC\u00famplices de um Resgate\u201d, sujeito a altera\u00e7\u00e3o de data e conte\u00fado.<\/p>\n","protected":false},"excerpt":{"rendered":"<p>Resumo novela \u201cC\u00famplices de um Resgate\u201d 18\/03 : no cap\u00edtulo 051(*) da novela, segunda-feira, 18 de mar\u00e7o, para a surpresa de todos, Fiorina n\u00e3o tem um ataque de ci\u00fame, mas sim leva um bolo para que todos possam comer algo. Giuseppe diz estar orgulhoso dela. Fiorina fala baixo para ele n\u00e3o se orgulhar, pois em [&hellip;]<\/p>\n","protected":false},"author":2,"featured_media":164525,"comment_status":"open","ping_status":"closed","sticky":false,"template":"","format":"standard","meta":{"tdm_status":"","tdm_grid_status":"","footnotes":""},"categories":[379,372,343],"tags":[441],"class_list":{"0":"post-172200","1":"post","2":"type-post","3":"status-publish","4":"format-standard","5":"has-post-thumbnail","7":"category-novelas","8":"category-sbt","9":"category-televisao","10":"tag-resumo-do-dia"},"_links":{"self":[{"href":"https:\/\/migracao.redenoticia.com.br\/noticia\/wp-json\/wp\/v2\/posts\/172200","targetHints":{"allow":["GET"]}}],"collection":[{"href":"https:\/\/migracao.redenoticia.com.br\/noticia\/wp-json\/wp\/v2\/posts"}],"about":[{"href":"https:\/\/migracao.redenoticia.com.br\/noticia\/wp-json\/wp\/v2\/types\/post"}],"author":[{"embeddable":true,"href":"https:\/\/migracao.redenoticia.com.br\/noticia\/wp-json\/wp\/v2\/users\/2"}],"replies":[{"embeddable":true,"href":"https:\/\/migracao.redenoticia.com.br\/noticia\/wp-json\/wp\/v2\/comments?post=172200"}],"version-history":[{"count":0,"href":"https:\/\/migracao.redenoticia.com.br\/noticia\/wp-json\/wp\/v2\/posts\/172200\/revisions"}],"wp:featuredmedia":[{"embeddable":true,"href":"https:\/\/migracao.redenoticia.com.br\/noticia\/wp-json\/wp\/v2\/media\/164525"}],"wp:attachment":[{"href":"https:\/\/migracao.redenoticia.com.br\/noticia\/wp-json\/wp\/v2\/media?parent=172200"}],"wp:term":[{"taxonomy":"category","embeddable":true,"href":"https:\/\/migracao.redenoticia.com.br\/noticia\/wp-json\/wp\/v2\/categories?post=172200"},{"taxonomy":"post_tag","embeddable":true,"href":"https:\/\/migracao.redenoticia.com.br\/noticia\/wp-json\/wp\/v2\/tags?post=172200"}],"curies":[{"name":"wp","href":"https:\/\/api.w.org\/{rel}","templated":true}]}}