{"id":172201,"date":"2019-03-16T11:18:04","date_gmt":"2019-03-16T14:18:04","guid":{"rendered":"https:\/\/www.redenoticia.com.br\/noticia\/?p=172201"},"modified":"2019-03-16T11:18:06","modified_gmt":"2019-03-16T14:18:06","slug":"resumo-novela-a-garota-da-moto-18-03-alex-salva-nico","status":"publish","type":"post","link":"https:\/\/migracao.redenoticia.com.br\/noticia\/2019\/resumo-novela-a-garota-da-moto-18-03-alex-salva-nico\/172201","title":{"rendered":"Resumo novela \u201cA Garota da Moto\u201d 18\/03: Alex salva Nico"},"content":{"rendered":"<p><strong><em><img loading=\"lazy\" decoding=\"async\" class=\"aligncenter size-large wp-image-171233\" src=\"https:\/\/migracao.redenoticia.com.br\/noticia\/imagens\/a-garota-da-moto-sbt-300x300.jpg\" alt=\"\" width=\"300\" height=\"300\" srcset=\"https:\/\/migracao.redenoticia.com.br\/noticia\/imagens\/a-garota-da-moto-sbt-300x300.jpg 300w, https:\/\/migracao.redenoticia.com.br\/noticia\/imagens\/a-garota-da-moto-sbt-187x187.jpg 187w, https:\/\/migracao.redenoticia.com.br\/noticia\/imagens\/a-garota-da-moto-sbt.jpg 540w\" sizes=\"auto, (max-width: 300px) 100vw, 300px\" \/>Resumo novela \u201cA Garota da Moto\u201d 18\/03:<\/em><\/strong> no cap\u00edtulo 009(*) da novela, segunda-feira, 18 de mar\u00e7o, durante seu passeio com Nico, Joana \u00e9 seguida por Alex. Nico desobedece Joana e, seguindo uma menina contratada por Alex, d\u00e1 de cara com uma gangue. Alex aparece para salvar Nico e apanha da gangue \u2013 que, depois, descobrimos que ele mesmo contratou. Joana est\u00e1 longe, ela busca por Nico desesperada.<\/p>\n<p>Joana encontra Alex ferido e Nico a salvo. Joana diz que est\u00e3o quites e n\u00e3o vai denunci\u00e1-lo. No Botec\u00e3o, Mickey quer conquistar Li\u00e9ge de novo, para isso tenta compor uma m\u00fasica rom\u00e2ntica. Mickey toca para ela enquanto ela faz um v\u00eddeo para seu canal. Li\u00e9ge se apaixona de novo e volta a namorar com Mickey.<\/p>\n<p>Al\u00e9m disso, o banco de dados da Mot\u00f3polis est\u00e1 uma bagun\u00e7a, por isso Bac colocou os administrativos para trabalhar no domingo e organizar os arquivos. Val est\u00e1 de ressaca, Pam chega com Rafa e s\u00f3 Bact\u00e9ria est\u00e1 animado. Por\u00e9m o gerente vai descobrir que trabalhar no domingo n\u00e3o funciona para o pessoal da Mot\u00f3polis. Val, por acidente, desliga os computadores da tomada e eles perdem todo o trabalho que fizeram.<\/p>\n<p>(*) edi\u00e7\u00e3o do SBT, Novela \u201cA Garota da Moto\u201d, sujeito a altera\u00e7\u00e3o de data e conte\u00fado.<\/p>\n<p>Sinopse \u2013 Joana vive o dia a dia fascinante e perigoso das ruas, viadutos e vias expressas de S\u00e3o Paulo sobre duas rodas. Ela \u00e9 uma motogirl que faz parte desse ex\u00e9rcito de mais de 300 mil pessoas que cruzam a cidade transportando de tudo, todos os dias, o dia inteiro. Um ex\u00e9rcito que \u00e9, como todos, predominantemente masculino. Joana \u00e9 uma exce\u00e7\u00e3o: \u00e9 mulher, jovem, bonita e acima de tudo, \u00e9 corajosa.<\/p>\n<p>Joana se tornou aventureira porque se viu acuada, tendo que defender sozinha o seu filho de oito anos, Nico, contra gente muito poderosa. Nessa jornada, ela descobre for\u00e7as que nem sabia que tinha \u2013 como acontece tantas vezes com os verdadeiros her\u00f3is.<\/p>\n","protected":false},"excerpt":{"rendered":"<p>Resumo novela \u201cA Garota da Moto\u201d 18\/03: no cap\u00edtulo 009(*) da novela, segunda-feira, 18 de mar\u00e7o, durante seu passeio com Nico, Joana \u00e9 seguida por Alex. Nico desobedece Joana e, seguindo uma menina contratada por Alex, d\u00e1 de cara com uma gangue. Alex aparece para salvar Nico e apanha da gangue \u2013 que, depois, descobrimos [&hellip;]<\/p>\n","protected":false},"author":2,"featured_media":90196,"comment_status":"open","ping_status":"closed","sticky":false,"template":"","format":"standard","meta":{"tdm_status":"","tdm_grid_status":"","footnotes":""},"categories":[379,372,343],"tags":[441],"class_list":{"0":"post-172201","1":"post","2":"type-post","3":"status-publish","4":"format-standard","5":"has-post-thumbnail","7":"category-novelas","8":"category-sbt","9":"category-televisao","10":"tag-resumo-do-dia"},"_links":{"self":[{"href":"https:\/\/migracao.redenoticia.com.br\/noticia\/wp-json\/wp\/v2\/posts\/172201","targetHints":{"allow":["GET"]}}],"collection":[{"href":"https:\/\/migracao.redenoticia.com.br\/noticia\/wp-json\/wp\/v2\/posts"}],"about":[{"href":"https:\/\/migracao.redenoticia.com.br\/noticia\/wp-json\/wp\/v2\/types\/post"}],"author":[{"embeddable":true,"href":"https:\/\/migracao.redenoticia.com.br\/noticia\/wp-json\/wp\/v2\/users\/2"}],"replies":[{"embeddable":true,"href":"https:\/\/migracao.redenoticia.com.br\/noticia\/wp-json\/wp\/v2\/comments?post=172201"}],"version-history":[{"count":0,"href":"https:\/\/migracao.redenoticia.com.br\/noticia\/wp-json\/wp\/v2\/posts\/172201\/revisions"}],"wp:featuredmedia":[{"embeddable":true,"href":"https:\/\/migracao.redenoticia.com.br\/noticia\/wp-json\/wp\/v2\/media\/90196"}],"wp:attachment":[{"href":"https:\/\/migracao.redenoticia.com.br\/noticia\/wp-json\/wp\/v2\/media?parent=172201"}],"wp:term":[{"taxonomy":"category","embeddable":true,"href":"https:\/\/migracao.redenoticia.com.br\/noticia\/wp-json\/wp\/v2\/categories?post=172201"},{"taxonomy":"post_tag","embeddable":true,"href":"https:\/\/migracao.redenoticia.com.br\/noticia\/wp-json\/wp\/v2\/tags?post=172201"}],"curies":[{"name":"wp","href":"https:\/\/api.w.org\/{rel}","templated":true}]}}