{"id":172205,"date":"2019-03-16T11:27:05","date_gmt":"2019-03-16T14:27:05","guid":{"rendered":"https:\/\/www.redenoticia.com.br\/noticia\/?p=172205"},"modified":"2019-03-16T11:27:07","modified_gmt":"2019-03-16T14:27:07","slug":"resumo-novela-espelho-da-vida-18-03-isabel-implora-para-nao-ser-presa","status":"publish","type":"post","link":"https:\/\/migracao.redenoticia.com.br\/noticia\/2019\/resumo-novela-espelho-da-vida-18-03-isabel-implora-para-nao-ser-presa\/172205","title":{"rendered":"Resumo novela \u201cEspelho da Vida\u201d 18\/03: Isabel implora para n\u00e3o ser presa"},"content":{"rendered":"<p><strong><em><img loading=\"lazy\" decoding=\"async\" class=\"aligncenter size-large wp-image-153376\" src=\"https:\/\/migracao.redenoticia.com.br\/noticia\/imagens\/espelho-da-vida-001-384x300.jpg\" alt=\"\" width=\"384\" height=\"300\" srcset=\"https:\/\/migracao.redenoticia.com.br\/noticia\/imagens\/espelho-da-vida-001-384x300.jpg 384w, https:\/\/migracao.redenoticia.com.br\/noticia\/imagens\/espelho-da-vida-001-239x187.jpg 239w, https:\/\/migracao.redenoticia.com.br\/noticia\/imagens\/espelho-da-vida-001-150x117.jpg 150w, https:\/\/migracao.redenoticia.com.br\/noticia\/imagens\/espelho-da-vida-001.jpg 597w\" sizes=\"auto, (max-width: 384px) 100vw, 384px\" \/>Resumo novela \u201cEspelho da Vida\u201d 18\/03 <\/em><\/strong>: no cap\u00edtulo 148(*) da novela, resumo de segunda-feira, 18 de mar\u00e7o, Isabel implora para n\u00e3o ser presa. Josi considera estar apaixonada por Cl\u00e1udio. Bola termina seu relacionamento com Sheila. Alain tem um pesadelo com seu passado. Jorge pede ajuda a Dalva para encontrar Marina. Grace insiste para que Alain estude sobre vidas passadas e experimente uma sess\u00e3o de regress\u00e3o.<\/p>\n<p>Andr\u00e9 se preocupa com o reencontro de Cris e Daniel. Ot\u00e1vio afirma a Augusto que libertar\u00e1 Danilo. Grace visita Isabel, que humilha a m\u00e3e. Josi revela a Mariane que Isabel est\u00e1 presa. Am\u00e9rico n\u00e3o consegue furtar dinheiro de Gentil. Priscila questiona Alain sobre Isabel. Piedade encontra Cris\/Julia na igreja de Padre Luiz.<\/p>\n<p>(*) edi\u00e7\u00e3o da Rede Globo, Novela \u201cEspelho da Vida\u201d, sujeito a altera\u00e7\u00e3o de data e conte\u00fado.<\/p>\n<p>Cris Val\u00eancia (Vit\u00f3ria Strada) \u00e9 uma atriz de teatro, linda, estudiosa e filha de pais artistas. A jovem \u00e9 idealista e segura de seus objetivos. Sens\u00edvel, acredita em todos que se aproximam, valoriza o amor e vive um romance feliz ao lado de Alain (Jo\u00e3o Vicente de Castro). Incentivadora da carreira do namorado, ela apoia seus projetos e acredita que ele precisa investir na produ\u00e7\u00e3o de um filme rom\u00e2ntico.<\/p>\n<p>Em \u201cEspelho da Vida\u201d, Alain \u00e9 um diretor de TV e cinema bem-sucedido no Rio de Janeiro, muito reconhecido por sua arte. O jovem recebe um pr\u00eamio por seu \u00faltimo curta-metragem e est\u00e1 em busca de novos roteiros para seu primeiro longa de com\u00e9dia.<\/p>\n","protected":false},"excerpt":{"rendered":"<p>Resumo novela \u201cEspelho da Vida\u201d 18\/03 : no cap\u00edtulo 148(*) da novela, resumo de segunda-feira, 18 de mar\u00e7o, Isabel implora para n\u00e3o ser presa. Josi considera estar apaixonada por Cl\u00e1udio. Bola termina seu relacionamento com Sheila. Alain tem um pesadelo com seu passado. Jorge pede ajuda a Dalva para encontrar Marina. Grace insiste para que [&hellip;]<\/p>\n","protected":false},"author":2,"featured_media":150110,"comment_status":"open","ping_status":"closed","sticky":false,"template":"","format":"standard","meta":{"tdm_status":"","tdm_grid_status":"","footnotes":""},"categories":[527,379,375,343],"tags":[441],"class_list":{"0":"post-172205","1":"post","2":"type-post","3":"status-publish","4":"format-standard","5":"has-post-thumbnail","7":"category-espelho-da-vida","8":"category-novelas","9":"category-rede-globo","10":"category-televisao","11":"tag-resumo-do-dia"},"_links":{"self":[{"href":"https:\/\/migracao.redenoticia.com.br\/noticia\/wp-json\/wp\/v2\/posts\/172205","targetHints":{"allow":["GET"]}}],"collection":[{"href":"https:\/\/migracao.redenoticia.com.br\/noticia\/wp-json\/wp\/v2\/posts"}],"about":[{"href":"https:\/\/migracao.redenoticia.com.br\/noticia\/wp-json\/wp\/v2\/types\/post"}],"author":[{"embeddable":true,"href":"https:\/\/migracao.redenoticia.com.br\/noticia\/wp-json\/wp\/v2\/users\/2"}],"replies":[{"embeddable":true,"href":"https:\/\/migracao.redenoticia.com.br\/noticia\/wp-json\/wp\/v2\/comments?post=172205"}],"version-history":[{"count":0,"href":"https:\/\/migracao.redenoticia.com.br\/noticia\/wp-json\/wp\/v2\/posts\/172205\/revisions"}],"wp:featuredmedia":[{"embeddable":true,"href":"https:\/\/migracao.redenoticia.com.br\/noticia\/wp-json\/wp\/v2\/media\/150110"}],"wp:attachment":[{"href":"https:\/\/migracao.redenoticia.com.br\/noticia\/wp-json\/wp\/v2\/media?parent=172205"}],"wp:term":[{"taxonomy":"category","embeddable":true,"href":"https:\/\/migracao.redenoticia.com.br\/noticia\/wp-json\/wp\/v2\/categories?post=172205"},{"taxonomy":"post_tag","embeddable":true,"href":"https:\/\/migracao.redenoticia.com.br\/noticia\/wp-json\/wp\/v2\/tags?post=172205"}],"curies":[{"name":"wp","href":"https:\/\/api.w.org\/{rel}","templated":true}]}}