{"id":172305,"date":"2019-03-19T16:47:52","date_gmt":"2019-03-19T19:47:52","guid":{"rendered":"https:\/\/www.redenoticia.com.br\/noticia\/?p=172305"},"modified":"2019-03-19T17:15:35","modified_gmt":"2019-03-19T20:15:35","slug":"novela-verao-90-luana-e-a-nova-duquesa-de-kiev","status":"publish","type":"post","link":"https:\/\/migracao.redenoticia.com.br\/noticia\/2019\/novela-verao-90-luana-e-a-nova-duquesa-de-kiev\/172305","title":{"rendered":"Novela \u201cVer\u00e3o 90\u201d: Luana \u00e9 a nova duquesa de Kiev"},"content":{"rendered":"<p><strong><em><img loading=\"lazy\" decoding=\"async\" class=\"aligncenter size-large wp-image-168048\" src=\"https:\/\/migracao.redenoticia.com.br\/noticia\/imagens\/verao-90-novela-globo-319x300.jpg\" alt=\"\" width=\"319\" height=\"300\" srcset=\"https:\/\/migracao.redenoticia.com.br\/noticia\/imagens\/verao-90-novela-globo-319x300.jpg 319w, https:\/\/migracao.redenoticia.com.br\/noticia\/imagens\/verao-90-novela-globo-199x187.jpg 199w, https:\/\/migracao.redenoticia.com.br\/noticia\/imagens\/verao-90-novela-globo-560x526.jpg 560w, https:\/\/migracao.redenoticia.com.br\/noticia\/imagens\/verao-90-novela-globo.jpg 597w\" sizes=\"auto, (max-width: 319px) 100vw, 319px\" \/>Novela \u201cVer\u00e3o 90\u201d:<\/em><\/strong> o Duque de Kiev (Tarc\u00edsio Filho) se apaixona por Luana Lyra (Juliane Ara\u00fajo) e destrona Vanessa (Camila Queiroz) do t\u00edtulo de Duquesa. Vanessa descobre que ficou pobre e, furiosa, comparece a um encontro agendado pelo Duque. Jer\u00f4nimo (Jesu\u00edta Barbosa) chega ao lado de Vanessa.<\/p>\n<p>O Duque de Kiev beija Luana e a apresenta: \u201cFiquem \u00e0 vontade! Voc\u00eas conhecem a minha Matrioska? A Luana \u00e9 a nova duquesa de Kiev!\u201d. Vanessa fica indignada.<\/p>\n<p>Logo depois, Mercedes (Totia Meireles) atende uma liga\u00e7\u00e3o: \u201cAlexander? O que aconteceu, meu querido? Estamos preocupad\u00edssimos\u2026 Reuni\u00e3o, amanh\u00e3 na Play? Sobre a parceria\u2026 Claro, estarei l\u00e1. Mas est\u00e1 tudo bem? Que barulheira \u00e9 essa?\u201d. Na reuni\u00e3o o Duque anuncia que comprou a\u00e7\u00f5es e se tornou s\u00f3cio majorit\u00e1rio da PopTV.<\/p>\n<p>Sinopse \u201cVer\u00e3o 90\u201d: O Rio de Janeiro da d\u00e9cada de 1990, a cultura efervescente da \u00e9poca, os acontecimentos sociais e pol\u00edticos, a m\u00fasica e a moda est\u00e3o presentes em \u2018Ver\u00e3o 90\u2019, uma com\u00e9dia rom\u00e2ntica, solar e musical, escrita por Izabel de Oliveira e Paula Amaral, com dire\u00e7\u00e3o art\u00edstica de Jorge Fernando. A pr\u00f3xima novela das sete vai mostrar a trajet\u00f3ria de tr\u00eas ex-astros mirins e suas m\u00e3es batalhadoras, Lidiane (Claudia Raia) e Jana\u00edna (Dira Paes), cada uma a seu modo. A previs\u00e3o de estreia \u00e9 para o in\u00edcio de 2019. A hist\u00f3ria rom\u00e2ntica e musical que tem como protagonistas o trio Jo\u00e3o (Jo\u00e3o Bravo\/Rafael Vitti), Manuzita (Melissa N\u00f3brega\/Isabelle Drummond) e Jer\u00f4nimo (Diogo Caruso\/Jesu\u00edta Barbosa).<\/p>\n","protected":false},"excerpt":{"rendered":"<p>Novela \u201cVer\u00e3o 90\u201d: o Duque de Kiev (Tarc\u00edsio Filho) se apaixona por Luana Lyra (Juliane Ara\u00fajo) e destrona Vanessa (Camila Queiroz) do t\u00edtulo de Duquesa. Vanessa descobre que ficou pobre e, furiosa, comparece a um encontro agendado pelo Duque. Jer\u00f4nimo (Jesu\u00edta Barbosa) chega ao lado de Vanessa. O Duque de Kiev beija Luana e a [&hellip;]<\/p>\n","protected":false},"author":2,"featured_media":167198,"comment_status":"open","ping_status":"closed","sticky":false,"template":"","format":"standard","meta":{"tdm_status":"","tdm_grid_status":"","footnotes":""},"categories":[388,379,375,343,536],"tags":[440],"class_list":{"0":"post-172305","1":"post","2":"type-post","3":"status-publish","4":"format-standard","5":"has-post-thumbnail","7":"category-destaques","8":"category-novelas","9":"category-rede-globo","10":"category-televisao","11":"category-verao-90","12":"tag-noticia-novela"},"_links":{"self":[{"href":"https:\/\/migracao.redenoticia.com.br\/noticia\/wp-json\/wp\/v2\/posts\/172305","targetHints":{"allow":["GET"]}}],"collection":[{"href":"https:\/\/migracao.redenoticia.com.br\/noticia\/wp-json\/wp\/v2\/posts"}],"about":[{"href":"https:\/\/migracao.redenoticia.com.br\/noticia\/wp-json\/wp\/v2\/types\/post"}],"author":[{"embeddable":true,"href":"https:\/\/migracao.redenoticia.com.br\/noticia\/wp-json\/wp\/v2\/users\/2"}],"replies":[{"embeddable":true,"href":"https:\/\/migracao.redenoticia.com.br\/noticia\/wp-json\/wp\/v2\/comments?post=172305"}],"version-history":[{"count":0,"href":"https:\/\/migracao.redenoticia.com.br\/noticia\/wp-json\/wp\/v2\/posts\/172305\/revisions"}],"wp:featuredmedia":[{"embeddable":true,"href":"https:\/\/migracao.redenoticia.com.br\/noticia\/wp-json\/wp\/v2\/media\/167198"}],"wp:attachment":[{"href":"https:\/\/migracao.redenoticia.com.br\/noticia\/wp-json\/wp\/v2\/media?parent=172305"}],"wp:term":[{"taxonomy":"category","embeddable":true,"href":"https:\/\/migracao.redenoticia.com.br\/noticia\/wp-json\/wp\/v2\/categories?post=172305"},{"taxonomy":"post_tag","embeddable":true,"href":"https:\/\/migracao.redenoticia.com.br\/noticia\/wp-json\/wp\/v2\/tags?post=172305"}],"curies":[{"name":"wp","href":"https:\/\/api.w.org\/{rel}","templated":true}]}}