{"id":172307,"date":"2019-03-01T22:16:18","date_gmt":"2019-03-02T01:16:18","guid":{"rendered":"https:\/\/www.redenoticia.com.br\/noticia\/?p=172307"},"modified":"2019-04-01T23:03:59","modified_gmt":"2019-04-02T02:03:59","slug":"novela-o-setimo-guardiao-sampaio-dispara-tiro-certeiro-em-gabriel","status":"publish","type":"post","link":"https:\/\/migracao.redenoticia.com.br\/noticia\/2019\/novela-o-setimo-guardiao-sampaio-dispara-tiro-certeiro-em-gabriel\/172307","title":{"rendered":"Novela \u201cO S\u00e9timo Guardi\u00e3o\u201d: Sampaio dispara tiro certeiro em Gabriel ap\u00f3s explos\u00e3o"},"content":{"rendered":"<p><strong><em><img loading=\"lazy\" decoding=\"async\" class=\"aligncenter size-large wp-image-154961\" src=\"https:\/\/migracao.redenoticia.com.br\/noticia\/imagens\/o-setimo-guardiao-1-396x300.jpg\" alt=\"\" width=\"396\" height=\"300\" srcset=\"https:\/\/migracao.redenoticia.com.br\/noticia\/imagens\/o-setimo-guardiao-1-396x300.jpg 396w, https:\/\/migracao.redenoticia.com.br\/noticia\/imagens\/o-setimo-guardiao-1-247x187.jpg 247w, https:\/\/migracao.redenoticia.com.br\/noticia\/imagens\/o-setimo-guardiao-1-150x114.jpg 150w, https:\/\/migracao.redenoticia.com.br\/noticia\/imagens\/o-setimo-guardiao-1-534x405.jpg 534w, https:\/\/migracao.redenoticia.com.br\/noticia\/imagens\/o-setimo-guardiao-1.jpg 535w\" sizes=\"auto, (max-width: 396px) 100vw, 396px\" \/>Novela &#8220;O S\u00e9timo Guardi\u00e3o\u201d:<\/em><\/strong> Olavo (Tony Ramos) manda Sampaio (Marcello Novaes) explodir o cano que abastece a cidade. Eurico (Dan Stulbach), aliado de Olavo, diz que a solu\u00e7\u00e3o do problema est\u00e1 dentro do casar\u00e3o onde uma fonte jorra \u00e1gua limpa o tempo inteiro. Todos v\u00e3o correr para a porta do im\u00f3vel e Mirtes (Elizabeth Savala) manda os moradores invadirem o casar\u00e3o de Gabriel (Bruno Gagliasso).<\/p>\n<p>No meio da confus\u00e3o, Laura (Yanna Lavigne) manda Sampaio cometer um crime:&nbsp;&#8220;Podiam aproveitar e matar Gabriel. Quem fizer isso vai me deixar muito feliz. Me largou no altar, me trocou por aquela Luz [Marina Ruy Barbosa] apagada, me fez vir morar nesse fim de mundo! A morte dele e? o que mais quero&#8230;Capricha, que depois tem mais! E depois de despachar Gabriel, preciso que fac?a outro servicinho&#8230; Luz! Quero aquela cabec?a ruiva numa bandeja&#8221;.<\/p>\n<p>Sampaio mira e dispara um tiro certeiro. Gabriel fica entre a vida e a morte. Cena prevista para 03 de abril na Novela \u201cO S\u00e9timo Guardi\u00e3o\u201d.<\/p>\n<p>Sinopse \u201cO S\u00e9timo Guardi\u00e3o\u201d: \u00c0 primeira vista, Serro Azul pode parecer apenas mais uma t\u00edpica cidade do interior, pacata e cercada por montanhas, onde avan\u00e7os tecnol\u00f3gicos como internet e telefonia celular ainda n\u00e3o chegaram. Um lugar pelo qual quem passa n\u00e3o d\u00e1 muita aten\u00e7\u00e3o, sem saber o que est\u00e1 perdendo, afinal, uma cidade que \u00e9 vizinha de Greenville e Tubiancanga n\u00e3o poderia deixar de ter suas peculiaridades. A principal delas \u00e9 uma fonte com propriedades curativas e rejuvenescedoras, que \u00e9 a parte mais externa de um gigantesco aqu\u00edfero, uma enorme reserva daquilo que a cada dia se torna o bem mais precioso da Terra: a \u00e1gua. Essa fonte \u00e9 protegida por sete guardi\u00e3es que t\u00eam como miss\u00e3o garantir que essa riqueza n\u00e3o chegue \u00e0s m\u00e3os erradas.<\/p>\n","protected":false},"excerpt":{"rendered":"<p>Novela &#8220;O S\u00e9timo Guardi\u00e3o\u201d: Olavo (Tony Ramos) manda Sampaio (Marcello Novaes) explodir o cano que abastece a cidade. Eurico (Dan Stulbach), aliado de Olavo, diz que a solu\u00e7\u00e3o do problema est\u00e1 dentro do casar\u00e3o onde uma fonte jorra \u00e1gua limpa o tempo inteiro. Todos v\u00e3o correr para a porta do im\u00f3vel e Mirtes (Elizabeth Savala) [&hellip;]<\/p>\n","protected":false},"author":2,"featured_media":167261,"comment_status":"open","ping_status":"closed","sticky":false,"template":"","format":"standard","meta":{"tdm_status":"","tdm_grid_status":"","footnotes":""},"categories":[388,379,530,375,343],"tags":[440],"class_list":{"0":"post-172307","1":"post","2":"type-post","3":"status-publish","4":"format-standard","5":"has-post-thumbnail","7":"category-destaques","8":"category-novelas","9":"category-o-setimo-guardiao","10":"category-rede-globo","11":"category-televisao","12":"tag-noticia-novela"},"_links":{"self":[{"href":"https:\/\/migracao.redenoticia.com.br\/noticia\/wp-json\/wp\/v2\/posts\/172307","targetHints":{"allow":["GET"]}}],"collection":[{"href":"https:\/\/migracao.redenoticia.com.br\/noticia\/wp-json\/wp\/v2\/posts"}],"about":[{"href":"https:\/\/migracao.redenoticia.com.br\/noticia\/wp-json\/wp\/v2\/types\/post"}],"author":[{"embeddable":true,"href":"https:\/\/migracao.redenoticia.com.br\/noticia\/wp-json\/wp\/v2\/users\/2"}],"replies":[{"embeddable":true,"href":"https:\/\/migracao.redenoticia.com.br\/noticia\/wp-json\/wp\/v2\/comments?post=172307"}],"version-history":[{"count":0,"href":"https:\/\/migracao.redenoticia.com.br\/noticia\/wp-json\/wp\/v2\/posts\/172307\/revisions"}],"wp:featuredmedia":[{"embeddable":true,"href":"https:\/\/migracao.redenoticia.com.br\/noticia\/wp-json\/wp\/v2\/media\/167261"}],"wp:attachment":[{"href":"https:\/\/migracao.redenoticia.com.br\/noticia\/wp-json\/wp\/v2\/media?parent=172307"}],"wp:term":[{"taxonomy":"category","embeddable":true,"href":"https:\/\/migracao.redenoticia.com.br\/noticia\/wp-json\/wp\/v2\/categories?post=172307"},{"taxonomy":"post_tag","embeddable":true,"href":"https:\/\/migracao.redenoticia.com.br\/noticia\/wp-json\/wp\/v2\/tags?post=172307"}],"curies":[{"name":"wp","href":"https:\/\/api.w.org\/{rel}","templated":true}]}}