{"id":172320,"date":"2019-03-17T19:25:39","date_gmt":"2019-03-17T22:25:39","guid":{"rendered":"https:\/\/www.redenoticia.com.br\/noticia\/?p=172320"},"modified":"2019-03-17T19:25:41","modified_gmt":"2019-03-17T22:25:41","slug":"enem-tera-rascunho-com-linhas-para-a-redacao","status":"publish","type":"post","link":"https:\/\/migracao.redenoticia.com.br\/noticia\/2019\/enem-tera-rascunho-com-linhas-para-a-redacao\/172320","title":{"rendered":"Enem ter\u00e1 rascunho com linhas para a reda\u00e7\u00e3o"},"content":{"rendered":"<p>O Instituto Nacional de Estudos e Pesquisas Educacionais An\u00edsio Teixeira (Inep) garantiu que o rascunho da reda\u00e7\u00e3o do Exame Nacional do Ensino M\u00e9dio (Enem) ter\u00e1 linhas, como de costume, e que haver\u00e1 espa\u00e7o suficiente na prova para os c\u00e1lculos matem\u00e1ticos.<\/p>\n<p>Essas quest\u00f5es causaram preocupa\u00e7\u00e3o em estudantes desde que o Inep anunciou medidas para economizar papel na impress\u00e3o do exame. No \u00faltimo dia 11, o Inep anunciou que a prova ter\u00e1 uma nova diagrama\u00e7\u00e3o e que a medida eliminar\u00e1 a necessidade de impress\u00e3o das folhas de rascunho personalizadas.<\/p>\n<p>Estudantes reagiram \u00e0 mudan\u00e7a nas redes sociais e defenderam a manuten\u00e7\u00e3o das linhas no rascunho da reda\u00e7\u00e3o. &#8220;Enem sem pauta no rascunho de reda\u00e7\u00e3o n\u00e3o d\u00e1, n\u00e3o temos no\u00e7\u00e3o do tamanho do texto e s\u00f3 temos uma chance na folha definitiva. Essa remo\u00e7\u00e3o afeta, gravemente, nosso desempenho e, com isso, todo um ano de estudo e dedica\u00e7\u00e3o&#8221;, disse um internauta pelo Twitter.<\/p>\n<p>O Inep tranquilizou os estudantes que prestar\u00e3o o exame: &#8220;N\u00e3o h\u00e1 motivos para preocupa\u00e7\u00f5es. O rascunho da reda\u00e7\u00e3o, como j\u00e1 de costume, ter\u00e1 linhas. Ele ficar\u00e1 ao final do Caderno de Quest\u00f5es entregue no primeiro dia de prova.&#8221;<\/p>\n<p>A autarquia acrescentou que uma das novidades sobre o Enem 2019 est\u00e1 no segundo dia do exame, em que n\u00e3o haver\u00e1 mais uma folha de rascunho avulsa para c\u00e1lculos matem\u00e1ticos. &#8220;Esse espa\u00e7o, entretanto, estar\u00e1 dispon\u00edvel na \u00faltima p\u00e1gina do caderno de quest\u00f5es&#8221;, garantiu.<\/p>\n<p>Economia<br \/>\nAl\u00e9m da mudan\u00e7a na diagrama\u00e7\u00e3o, o Inep anunciou outras mudan\u00e7as no Enem. Os dados biom\u00e9tricos dos estudantes passar\u00e3o a ser coletados com uma pequena esponja que permite a coleta da digital e pode ser utilizada mais de 3 mil vezes. At\u00e9 o ano passado, a coleta da digital era feita com uma l\u00e2mina de grafite, individual.<\/p>\n<p>A capacita\u00e7\u00e3o dos colaboradores envolvidos na aplica\u00e7\u00e3o do Enem ser\u00e1 feita principalmente a dist\u00e2ncia. Com isso, ser\u00e1 reduzida a capacita\u00e7\u00e3o presencial.<\/p>\n<p>As medidas fazem parte do Programa de Redu\u00e7\u00e3o de Custos e Otimiza\u00e7\u00e3o dos Recursos Log\u00edsticos, um dos seis pilares do Programa de Moderniza\u00e7\u00e3o do Inep. Ao todo, o instituto estima uma economia de R$ 42 milh\u00f5es nos exames e avalia\u00e7\u00f5es de 2019 que est\u00e3o a cargo da autarquia.<\/p>\n<p>O Inep \u00e9 respons\u00e1vel tamb\u00e9m por avalia\u00e7\u00f5es como a Prova Brasil, o Exame Nacional para Certifica\u00e7\u00e3o de Compet\u00eancias de Jovens e Adultos (Encceja) e o Exame Nacional de Desempenho dos Estudantes (Enade).<\/p>\n<p>Enem<br \/>\nNeste ano, o Enem ser\u00e1 aplicado nos dias 3 e 10 de novembro. As inscri\u00e7\u00f5es estar\u00e3o abertas de 6 a 17 de maio. Entre 1\u00ba e 10 de abril os estudantes poder\u00e3o pedir isen\u00e7\u00e3o da taxa de inscri\u00e7\u00e3o. Nesse mesmo per\u00edodo, o Inep vai receber as justificativas dos que faltaram \u00e0s provas em 2018.<\/p>\n<p>Mariana Tokarnia &#8211; Rep\u00f3rter da Ag\u00eancia Brasil<br \/>\nEdi\u00e7\u00e3o: Juliana Andrade<br \/>\nhttp:\/\/agenciabrasil.ebc.com.br\/economia<\/p>\n","protected":false},"excerpt":{"rendered":"<p>O Instituto Nacional de Estudos e Pesquisas Educacionais An\u00edsio Teixeira (Inep) garantiu que o rascunho da reda\u00e7\u00e3o do Exame Nacional do Ensino M\u00e9dio (Enem) ter\u00e1 linhas, como de costume, e que haver\u00e1 espa\u00e7o suficiente na prova para os c\u00e1lculos matem\u00e1ticos. Essas quest\u00f5es causaram preocupa\u00e7\u00e3o em estudantes desde que o Inep anunciou medidas para economizar papel [&hellip;]<\/p>\n","protected":false},"author":2,"featured_media":148308,"comment_status":"open","ping_status":"closed","sticky":false,"template":"","format":"standard","meta":{"tdm_status":"","tdm_grid_status":"","footnotes":""},"categories":[22],"tags":[],"class_list":{"0":"post-172320","1":"post","2":"type-post","3":"status-publish","4":"format-standard","5":"has-post-thumbnail","7":"category-brasil"},"_links":{"self":[{"href":"https:\/\/migracao.redenoticia.com.br\/noticia\/wp-json\/wp\/v2\/posts\/172320","targetHints":{"allow":["GET"]}}],"collection":[{"href":"https:\/\/migracao.redenoticia.com.br\/noticia\/wp-json\/wp\/v2\/posts"}],"about":[{"href":"https:\/\/migracao.redenoticia.com.br\/noticia\/wp-json\/wp\/v2\/types\/post"}],"author":[{"embeddable":true,"href":"https:\/\/migracao.redenoticia.com.br\/noticia\/wp-json\/wp\/v2\/users\/2"}],"replies":[{"embeddable":true,"href":"https:\/\/migracao.redenoticia.com.br\/noticia\/wp-json\/wp\/v2\/comments?post=172320"}],"version-history":[{"count":0,"href":"https:\/\/migracao.redenoticia.com.br\/noticia\/wp-json\/wp\/v2\/posts\/172320\/revisions"}],"wp:featuredmedia":[{"embeddable":true,"href":"https:\/\/migracao.redenoticia.com.br\/noticia\/wp-json\/wp\/v2\/media\/148308"}],"wp:attachment":[{"href":"https:\/\/migracao.redenoticia.com.br\/noticia\/wp-json\/wp\/v2\/media?parent=172320"}],"wp:term":[{"taxonomy":"category","embeddable":true,"href":"https:\/\/migracao.redenoticia.com.br\/noticia\/wp-json\/wp\/v2\/categories?post=172320"},{"taxonomy":"post_tag","embeddable":true,"href":"https:\/\/migracao.redenoticia.com.br\/noticia\/wp-json\/wp\/v2\/tags?post=172320"}],"curies":[{"name":"wp","href":"https:\/\/api.w.org\/{rel}","templated":true}]}}