{"id":172336,"date":"2019-03-22T16:06:42","date_gmt":"2019-03-22T19:06:42","guid":{"rendered":"https:\/\/www.redenoticia.com.br\/noticia\/?p=172336"},"modified":"2019-03-22T16:06:18","modified_gmt":"2019-03-22T19:06:18","slug":"novela-bela-a-feia-resumo-25-03-cintia-e-ariosto-defendem-ricardo","status":"publish","type":"post","link":"https:\/\/migracao.redenoticia.com.br\/noticia\/2019\/novela-bela-a-feia-resumo-25-03-cintia-e-ariosto-defendem-ricardo\/172336","title":{"rendered":"Novela \u201cBela, a Feia\u201d resumo 25\/03: C\u00edntia e Ariosto defendem Ricardo"},"content":{"rendered":"<p><em><strong><img loading=\"lazy\" decoding=\"async\" class=\"aligncenter size-large wp-image-162019\" src=\"https:\/\/migracao.redenoticia.com.br\/noticia\/imagens\/bela2-304x300.jpg\" alt=\"\" width=\"304\" height=\"300\" srcset=\"https:\/\/migracao.redenoticia.com.br\/noticia\/imagens\/bela2-304x300.jpg 304w, https:\/\/migracao.redenoticia.com.br\/noticia\/imagens\/bela2-190x187.jpg 190w, https:\/\/migracao.redenoticia.com.br\/noticia\/imagens\/bela2.jpg 500w\" sizes=\"auto, (max-width: 304px) 100vw, 304px\" \/>Novela \u201cBela, a Feia\u201d resumo 25\/03<\/strong><\/em>: no capitulo 093 (*) da novela, segunda-feira, 25 de mar\u00e7o, Bela conta que Olga fugiu do hospital. Rodrigo fica perplexo diante da not\u00edcia de que Olga fugiu do hospital. Ele n\u00e3o entende por que ela fez isso. Hort\u00eancia e Bela contam para Luzia que v\u00e3o visitar Vera mais tarde. Luzia diz que Rodrigo tamb\u00e9m tinha que visitar a m\u00e3e e Bela fica triste ao dizer que ele est\u00e1 muito grudado em C\u00edntia. Ver\u00f4nica conta para o advogado de Ricardo que Vera j\u00e1 matou um homem. Com isso, ele promete fazer tudo que o que puder para incrimin\u00e1-la. Ele diz que pode usar o fato do abandono do filho a favor de Ricardo. Dinor\u00e1, Guto e Mariana fofocam sobre quem seria o verdadeiro culpado: Ricardo ou Vera. Nelson faz bol\u00e3o do \u201ctiro do Ricard\u00e3o\u201d. Luzia diz acreditar que Ricardo tinha a intens\u00e3o de matar Vera. Todos ficam surpresos e o burburinho aumenta. Adriano pressiona Diogo para que ele n\u00e3o tente medir for\u00e7as com Ver\u00f4nica. Os dois batem boca, mas Diogo n\u00e3o d\u00e1 a m\u00ednima para a chantagem do rival. C\u00edntia conta para Ariosto e Vanda que vai fazer o exame de DNA e que Ricardo tamb\u00e9m quer saber a verdade. Vanda diz que Ricardo \u00e9 o culpado pelo pr\u00f3prio tiro.<\/p>\n<p>C\u00edntia e Ariosto defendem Ricardo e deixam Vanda nervosa. Rodrigo entra em casa desesperado em busca de Olga, que n\u00e3o est\u00e1 l\u00e1. Ele fica arrasado por n\u00e3o encontr\u00e1-la. B\u00e1rbara faz pouco caso de Samantha, que se sente humilhada. B\u00e1rbara diz que tem uma secret\u00e1ria e Samantha fica com inveja. Haroldo consola Clemente, que n\u00e3o para de pensar em B\u00e1rbara. Haroldo diz que B\u00e1rbara n\u00e3o deve ter recebido as flores com o cart\u00e3o, porque uma mulher t\u00e3o educada como ela iria agradecer. Clemente acredita nas palavras do irm\u00e3o e liga para B\u00e1rbara, que n\u00e3o atende. Clemente deixa um recado dizendo que n\u00e3o vai desistir dela. Elvira escuta a conversa e promete desmascarar Ataulfo. Vanda pressiona Diego para que ele defenda Vera. No entanto, Diego conta que j\u00e1 deu seu depoimento e que n\u00e3o \u00e9 uma testemunha importante por n\u00e3o ter visto quem atirou. Vanda fica contrariada. Ver\u00f4nica visita Ricardo no hospital novamente. Ricardo revela a Ver\u00f4nica que a arma era sua, mas que n\u00e3o estava registrada em seu nome. Elvira fica se gabando com o projeto de \u201cpersonal\u201d manicure. Magdalena amea\u00e7a contar tudo para Haroldo. As duas discutem, ignorando o alerta de \u00cdcaro. Bela fica perplexa diante ao saber que Olga fugiu do hospital. Bela pergunta se Rodrigo quer visitar Vera. Ele diz que tem que apoiar C\u00edntia. Bela diz que Rodrigo \u00e9 que precisa de apoio. Rodrigo tenta se explicar, mas Bela diz que ele est\u00e1 certo por apoiar a noiva. Bela sai triste e Rodrigo a abra\u00e7a. Diogo apoia C\u00edntia a fazer o exame de DNA.<\/p>\n<p>(*) edi\u00e7\u00e3o da Rede Record, Novela \u201cBela, a Feia\u201d, sujeito a altera\u00e7\u00e3o de data e conte\u00fado.<\/p>\n<p>\u201cBela, a Feia\u201d &#8211; Anabela \u00e9 uma jovem competente e esfor\u00e7ada, mas sua apar\u00eancia mal-ajambrada dificulta sua vida profissional. Ela sabe que \u00e9 feia e est\u00e1, de certa forma, conformada com isso. Bela sempre foi assim desde menina, sem quaisquer atributos f\u00edsicos, mas tamb\u00e9m nunca teve maiores vaidades. Ela n\u00e3o liga para nada que possa torn\u00e1-la mais atraente.<\/p>\n","protected":false},"excerpt":{"rendered":"<p>Novela \u201cBela, a Feia\u201d resumo 25\/03: no capitulo 093 (*) da novela, segunda-feira, 25 de mar\u00e7o, Bela conta que Olga fugiu do hospital. Rodrigo fica perplexo diante da not\u00edcia de que Olga fugiu do hospital. Ele n\u00e3o entende por que ela fez isso. Hort\u00eancia e Bela contam para Luzia que v\u00e3o visitar Vera mais tarde. [&hellip;]<\/p>\n","protected":false},"author":2,"featured_media":158370,"comment_status":"open","ping_status":"closed","sticky":false,"template":"","format":"standard","meta":{"tdm_status":"","tdm_grid_status":"","footnotes":""},"categories":[379,371,343],"tags":[441],"class_list":{"0":"post-172336","1":"post","2":"type-post","3":"status-publish","4":"format-standard","5":"has-post-thumbnail","7":"category-novelas","8":"category-rede-record","9":"category-televisao","10":"tag-resumo-do-dia"},"_links":{"self":[{"href":"https:\/\/migracao.redenoticia.com.br\/noticia\/wp-json\/wp\/v2\/posts\/172336","targetHints":{"allow":["GET"]}}],"collection":[{"href":"https:\/\/migracao.redenoticia.com.br\/noticia\/wp-json\/wp\/v2\/posts"}],"about":[{"href":"https:\/\/migracao.redenoticia.com.br\/noticia\/wp-json\/wp\/v2\/types\/post"}],"author":[{"embeddable":true,"href":"https:\/\/migracao.redenoticia.com.br\/noticia\/wp-json\/wp\/v2\/users\/2"}],"replies":[{"embeddable":true,"href":"https:\/\/migracao.redenoticia.com.br\/noticia\/wp-json\/wp\/v2\/comments?post=172336"}],"version-history":[{"count":0,"href":"https:\/\/migracao.redenoticia.com.br\/noticia\/wp-json\/wp\/v2\/posts\/172336\/revisions"}],"wp:featuredmedia":[{"embeddable":true,"href":"https:\/\/migracao.redenoticia.com.br\/noticia\/wp-json\/wp\/v2\/media\/158370"}],"wp:attachment":[{"href":"https:\/\/migracao.redenoticia.com.br\/noticia\/wp-json\/wp\/v2\/media?parent=172336"}],"wp:term":[{"taxonomy":"category","embeddable":true,"href":"https:\/\/migracao.redenoticia.com.br\/noticia\/wp-json\/wp\/v2\/categories?post=172336"},{"taxonomy":"post_tag","embeddable":true,"href":"https:\/\/migracao.redenoticia.com.br\/noticia\/wp-json\/wp\/v2\/tags?post=172336"}],"curies":[{"name":"wp","href":"https:\/\/api.w.org\/{rel}","templated":true}]}}