{"id":172354,"date":"2019-03-18T13:38:28","date_gmt":"2019-03-18T16:38:28","guid":{"rendered":"https:\/\/www.redenoticia.com.br\/noticia\/?p=172354"},"modified":"2019-03-18T13:38:31","modified_gmt":"2019-03-18T16:38:31","slug":"resumo-novela-as-aventuras-de-poliana-19-03-guilherme-visita-durval-na-prisao","status":"publish","type":"post","link":"https:\/\/migracao.redenoticia.com.br\/noticia\/2019\/resumo-novela-as-aventuras-de-poliana-19-03-guilherme-visita-durval-na-prisao\/172354","title":{"rendered":"Resumo novela \u201cAs Aventuras de Poliana\u201d 19\/03: Guilherme visita Durval na pris\u00e3o"},"content":{"rendered":"<p><strong><em><img loading=\"lazy\" decoding=\"async\" class=\"aligncenter size-large wp-image-148662\" src=\"https:\/\/migracao.redenoticia.com.br\/noticia\/imagens\/as-aventuras-de-poliana-novela-400x267.jpg\" alt=\"\" width=\"400\" height=\"267\" srcset=\"https:\/\/migracao.redenoticia.com.br\/noticia\/imagens\/as-aventuras-de-poliana-novela-400x267.jpg 400w, https:\/\/migracao.redenoticia.com.br\/noticia\/imagens\/as-aventuras-de-poliana-novela-250x167.jpg 250w, https:\/\/migracao.redenoticia.com.br\/noticia\/imagens\/as-aventuras-de-poliana-novela-150x100.jpg 150w, https:\/\/migracao.redenoticia.com.br\/noticia\/imagens\/as-aventuras-de-poliana-novela.jpg 600w\" sizes=\"auto, (max-width: 400px) 100vw, 400px\" \/>Resumo novela \u201cAs Aventuras de Poliana\u201d 19\/03 <\/em><\/strong>: no cap\u00edtulo 220(*) da novela, resumo de ter\u00e7a-feira, 19 de mar\u00e7o, Lorena fica muito preocupada e triste por conta da situa\u00e7\u00e3o de Durval. Guilherme desabafa com Vini e Jeff sobre o que seu pai fez e fica muito mal com toda essa situa\u00e7\u00e3o. S\u00e9rgio e Joana seguem tentando animar as crian\u00e7as, sem sucesso. Marcelo fala sobre a pris\u00e3o de Durval na casa de Roger e os dois acabam brigando. Poliana tenta animar Raquel e Lorena, que v\u00e3o dormir em sua casa. Sara, invis\u00edvel, se enrosca em uma toalha e assusta Jo\u00e3o, que pensa ter visto um fantasma. Raquel se interessa pelas telas de Lu\u00edsa e as duas conversam sobre arte. Guilherme vai visitar Durval na pris\u00e3o. Ele tenta convencer Gui de que um namoro de adolescentes n\u00e3o vale tanta confus\u00e3o. Vini se declara para Mirela, dizendo que n\u00e3o sente nada por Gabriela.<\/p>\n<p>Marcelo tira satisfa\u00e7\u00e3o com D\u00e9bora sobre ela ter ou n\u00e3o rela\u00e7\u00e3o com os capangas que perseguiram Lu\u00edsa. Mirela diz a Vini que ela gosta de outra pessoa: Luca Tuber. Marcelo e D\u00e9bora seguem discutindo. Yasmin conta a Cl\u00e1udia que Filipa amea\u00e7ou pedir para seu pai demiti-la da O11O. Durval, chateado, lamenta em sua cela. Vini chega magoado em casa e desabafa com Lindomar. Mirela, em casa, pensa em Vini e observa uma foto dos dois no celular. No palco do Abandonadas no Altar, Iuri pede Sophie em namoro na frente de todos. Ela aceita. Mirela tem um sonho com Luca e Vini.<\/p>\n<p>(*) edi\u00e7\u00e3o do SBT, Novela \u201cAs Aventuras de Poliana\u201d, sujeito a altera\u00e7\u00e3o de data e conte\u00fado.<\/p>\n<p>Poliana \u00e9 uma menina extrovertida e de bom cora\u00e7\u00e3o que viajava o Brasil com seus pais, Lorenzo e Alice, no grupo circense Trupe Vagalume. Aos onze anos a garota v\u00ea seu mundo desabar quando seus pais falecem e ela tem que ir morar em S\u00e3o Paulo com sua tia Lu\u00edsa, uma mulher rica e severa, a qual ela n\u00e3o conhecia e que n\u00e3o queria cuidar dela, embora sinta que \u00e9 sua obriga\u00e7\u00e3o pela alma de sua irm\u00e3. Apesar do jeito da rigidez da tia, Poliana decide ter uma vis\u00e3o positiva e inabal\u00e1vel da vida, mesmo nos momentos de dificuldade, tentando levar um pouco de felicidade para a vida de cada um dos seus novos amigos e vizinhos, como o Sr. Pendleton, um homem rico e infeliz por nunca ter tido filhos. Ela vai estudar no col\u00e9gio de Ruth, uma diretora de bom cora\u00e7\u00e3o que a ajuda a se adaptar, mas tem que lidar com as vilanias de Mirela, garota mais velha que n\u00e3o aceita perder a popularidade para uma novata.<\/p>\n","protected":false},"excerpt":{"rendered":"<p>Resumo novela \u201cAs Aventuras de Poliana\u201d 19\/03 : no cap\u00edtulo 220(*) da novela, resumo de ter\u00e7a-feira, 19 de mar\u00e7o, Lorena fica muito preocupada e triste por conta da situa\u00e7\u00e3o de Durval. Guilherme desabafa com Vini e Jeff sobre o que seu pai fez e fica muito mal com toda essa situa\u00e7\u00e3o. S\u00e9rgio e Joana seguem [&hellip;]<\/p>\n","protected":false},"author":4,"featured_media":148663,"comment_status":"open","ping_status":"closed","sticky":false,"template":"","format":"standard","meta":{"tdm_status":"","tdm_grid_status":"","footnotes":""},"categories":[477,379,372,343],"tags":[441],"class_list":{"0":"post-172354","1":"post","2":"type-post","3":"status-publish","4":"format-standard","5":"has-post-thumbnail","7":"category-as-aventuras-de-poliana","8":"category-novelas","9":"category-sbt","10":"category-televisao","11":"tag-resumo-do-dia"},"_links":{"self":[{"href":"https:\/\/migracao.redenoticia.com.br\/noticia\/wp-json\/wp\/v2\/posts\/172354","targetHints":{"allow":["GET"]}}],"collection":[{"href":"https:\/\/migracao.redenoticia.com.br\/noticia\/wp-json\/wp\/v2\/posts"}],"about":[{"href":"https:\/\/migracao.redenoticia.com.br\/noticia\/wp-json\/wp\/v2\/types\/post"}],"author":[{"embeddable":true,"href":"https:\/\/migracao.redenoticia.com.br\/noticia\/wp-json\/wp\/v2\/users\/4"}],"replies":[{"embeddable":true,"href":"https:\/\/migracao.redenoticia.com.br\/noticia\/wp-json\/wp\/v2\/comments?post=172354"}],"version-history":[{"count":0,"href":"https:\/\/migracao.redenoticia.com.br\/noticia\/wp-json\/wp\/v2\/posts\/172354\/revisions"}],"wp:featuredmedia":[{"embeddable":true,"href":"https:\/\/migracao.redenoticia.com.br\/noticia\/wp-json\/wp\/v2\/media\/148663"}],"wp:attachment":[{"href":"https:\/\/migracao.redenoticia.com.br\/noticia\/wp-json\/wp\/v2\/media?parent=172354"}],"wp:term":[{"taxonomy":"category","embeddable":true,"href":"https:\/\/migracao.redenoticia.com.br\/noticia\/wp-json\/wp\/v2\/categories?post=172354"},{"taxonomy":"post_tag","embeddable":true,"href":"https:\/\/migracao.redenoticia.com.br\/noticia\/wp-json\/wp\/v2\/tags?post=172354"}],"curies":[{"name":"wp","href":"https:\/\/api.w.org\/{rel}","templated":true}]}}