{"id":172445,"date":"2019-03-18T22:10:31","date_gmt":"2019-03-19T01:10:31","guid":{"rendered":"https:\/\/www.redenoticia.com.br\/noticia\/?p=172445"},"modified":"2019-03-20T20:46:21","modified_gmt":"2019-03-20T23:46:21","slug":"novela-a-terra-prometida-resumo-20-03-ursula-que-nao-confia-no-rei-zareg","status":"publish","type":"post","link":"https:\/\/migracao.redenoticia.com.br\/noticia\/2019\/novela-a-terra-prometida-resumo-20-03-ursula-que-nao-confia-no-rei-zareg\/172445","title":{"rendered":"Novela \u201cA Terra Prometida\u201d resumo 20\/03: \u00darsula que n\u00e3o confia no rei Zareg"},"content":{"rendered":"<p><em><strong><img loading=\"lazy\" decoding=\"async\" class=\"aligncenter size-large wp-image-149873\" src=\"https:\/\/migracao.redenoticia.com.br\/noticia\/imagens\/a-terra-prometida-14-400x229.jpg\" alt=\"\" width=\"400\" height=\"229\" srcset=\"https:\/\/migracao.redenoticia.com.br\/noticia\/imagens\/a-terra-prometida-14-400x229.jpg 400w, https:\/\/migracao.redenoticia.com.br\/noticia\/imagens\/a-terra-prometida-14-250x143.jpg 250w, https:\/\/migracao.redenoticia.com.br\/noticia\/imagens\/a-terra-prometida-14-696x398.jpg 696w, https:\/\/migracao.redenoticia.com.br\/noticia\/imagens\/a-terra-prometida-14-150x86.jpg 150w, https:\/\/migracao.redenoticia.com.br\/noticia\/imagens\/a-terra-prometida-14.jpg 700w\" sizes=\"auto, (max-width: 400px) 100vw, 400px\" \/>Novela \u201cA Terra Prometida\u201d resumo 20\/03<\/strong><\/em>: no capitulo 169 (*) da novela, quarta-feira, 20 de mar\u00e7o, -Bogotai reconhece Fin\u00e9ias e o olha com maldade. Racal sorri para Mara. Zareg agradece a hospitalidade dos hebreus. Bogotai tenta se aproximar de Fin\u00e9ias. Raabe agradece o aviso de Orias. Bogotai se enturma com os familiares de Calebe. Orias se reencontra com Milah. Salmon questiona J\u00e9ssica, que diz n\u00e3o ter n\u00e3o saber de nada sobre o leproso. Racal se apresenta para Mara.<\/p>\n<p>Isaque e Pedael recebem Zareg. Haniel cobra organiza\u00e7\u00e3o dos filhos. Noemi diz que Acsa e Otiniel formariam um belo casal. J\u00e9ssica comenta com Mara sobre a desconfian\u00e7a de Salmon. Zaqueu acusa Tobias de ter sabotado suas armas. Ai\u00fade questiona o encontro de Mara com J\u00e9ssica. Ela desconversa.<\/p>\n<p>(*) edi\u00e7\u00e3o da Rede Record, Novela \u201cA Terra Prometida\u201d, sujeito a altera\u00e7\u00e3o de data e conte\u00fado.<\/p>\n<p>\u201cA Terra Prometida\u201d &#8211; Ap\u00f3s a morte de Mois\u00e9s, Josu\u00e9 \u00e9 o novo l\u00edder dos hebreus. Ele \u00e9 um guerreiro experiente, dotado de coragem, determina\u00e7\u00e3o e de uma f\u00e9 poderosa. Mas n\u00e3o \u00e9 tarefa f\u00e1cil conduzir um povo ao seu destino! Com seus aliados mais pr\u00f3ximos e de confian\u00e7a, o sacerdote levita Eleazar e o l\u00edder da tribo Jud\u00e1 Calebe, Josu\u00e9 tem que cumprir uma dif\u00edcil miss\u00e3o ordenada por Deus: comandar as doze tribos de Israel na conquista de Cana\u00e3, \u201cA Terra Prometida\u201d.<\/p>\n","protected":false},"excerpt":{"rendered":"<p>Novela \u201cA Terra Prometida\u201d resumo 20\/03: no capitulo 169 (*) da novela, quarta-feira, 20 de mar\u00e7o, -Bogotai reconhece Fin\u00e9ias e o olha com maldade. Racal sorri para Mara. Zareg agradece a hospitalidade dos hebreus. Bogotai tenta se aproximar de Fin\u00e9ias. Raabe agradece o aviso de Orias. Bogotai se enturma com os familiares de Calebe. Orias [&hellip;]<\/p>\n","protected":false},"author":2,"featured_media":149876,"comment_status":"open","ping_status":"closed","sticky":false,"template":"","format":"standard","meta":{"tdm_status":"","tdm_grid_status":"","footnotes":""},"categories":[446,379,371,343],"tags":[441],"class_list":{"0":"post-172445","1":"post","2":"type-post","3":"status-publish","4":"format-standard","5":"has-post-thumbnail","7":"category-a-terra-prometida","8":"category-novelas","9":"category-rede-record","10":"category-televisao","11":"tag-resumo-do-dia"},"_links":{"self":[{"href":"https:\/\/migracao.redenoticia.com.br\/noticia\/wp-json\/wp\/v2\/posts\/172445","targetHints":{"allow":["GET"]}}],"collection":[{"href":"https:\/\/migracao.redenoticia.com.br\/noticia\/wp-json\/wp\/v2\/posts"}],"about":[{"href":"https:\/\/migracao.redenoticia.com.br\/noticia\/wp-json\/wp\/v2\/types\/post"}],"author":[{"embeddable":true,"href":"https:\/\/migracao.redenoticia.com.br\/noticia\/wp-json\/wp\/v2\/users\/2"}],"replies":[{"embeddable":true,"href":"https:\/\/migracao.redenoticia.com.br\/noticia\/wp-json\/wp\/v2\/comments?post=172445"}],"version-history":[{"count":0,"href":"https:\/\/migracao.redenoticia.com.br\/noticia\/wp-json\/wp\/v2\/posts\/172445\/revisions"}],"wp:featuredmedia":[{"embeddable":true,"href":"https:\/\/migracao.redenoticia.com.br\/noticia\/wp-json\/wp\/v2\/media\/149876"}],"wp:attachment":[{"href":"https:\/\/migracao.redenoticia.com.br\/noticia\/wp-json\/wp\/v2\/media?parent=172445"}],"wp:term":[{"taxonomy":"category","embeddable":true,"href":"https:\/\/migracao.redenoticia.com.br\/noticia\/wp-json\/wp\/v2\/categories?post=172445"},{"taxonomy":"post_tag","embeddable":true,"href":"https:\/\/migracao.redenoticia.com.br\/noticia\/wp-json\/wp\/v2\/tags?post=172445"}],"curies":[{"name":"wp","href":"https:\/\/api.w.org\/{rel}","templated":true}]}}