{"id":1725,"date":"2009-05-17T20:42:06","date_gmt":"2009-05-18T00:42:06","guid":{"rendered":"http:\/\/www.redenoticia.com.br\/noticia\/?p=1725"},"modified":"2009-05-17T20:42:06","modified_gmt":"2009-05-18T00:42:06","slug":"expedito-junior-retira-assinatura-para-impedir-criacao-de-outra-cpi-petrobras","status":"publish","type":"post","link":"https:\/\/migracao.redenoticia.com.br\/noticia\/2009\/expedito-junior-retira-assinatura-para-impedir-criacao-de-outra-cpi-petrobras\/1725","title":{"rendered":"Expedito Junior retira assinatura para impedir cria\u00e7\u00e3o de outra CPI Petrobras"},"content":{"rendered":"<p><span style=\"font-family: Arial; color: windowtext;\">O governo conseguiu impedir a cria\u00e7\u00e3o da Comiss\u00e3o Parlamentar de Inqu\u00e9rito (CPI) proposta pelo senador Romeu Tuma (PTB-SP) para investigar irregularidades na c<span style=\"text-decoration: underline;\">onstru\u00e7\u00e3o de plataformas<\/span> para a Petrobras. O requerimento obteve apenas 24 assinaturas, n\u00famero abaixo das 27 necess\u00e1rias para criar a CPI.<\/p>\n<p>O requerimento, apresentado em agosto de 2007, pedia a cria\u00e7\u00e3o de uma CPI para\u00a0 investigar supostas irregularidades nos contratos de constru\u00e7\u00e3o das plataformas da Petrobras P-52 e P-54, al\u00e9m de apurar as den\u00fancias de que suspostos esquemas de licita\u00e7\u00f5es fraudulentas da Petrobras serviram para financiar, de forma ilegal, campanhas eleitorais.<\/p>\n<p>A 10 minutos do fim do prazo para retirada de assinaturas, at\u00e9 a meia noite de ontem (15), os senadores Garibaldi Alves (DEM-PI), Maria do Carmo (DEM-SE), Adelmir Santana (DEM-DF) e Expedito Junior (PR-RO) retiraram suas assinaturas. Cristovam Buarque (PDT-DF), Cesar Borges (PR-BA), Augusto Botelho (PT-RR) e Almeida Lima (PMDB-SE) j\u00e1 haviam retirado seus nomes no decorrer do dia.<\/span><\/p>\n<p class=\"MsoNormal\" style=\"margin-bottom: 12pt;\"><span class=\"assinatura11\"><span style=\"font-size: 8.5pt; font-family: Arial;\">Ivan Richard <\/span><\/span><span style=\"font-family: Arial;\"><br \/>\n<\/span><span class=\"assinatura11\"><em><span style=\"font-size: 8.5pt; font-family: Arial;\">Rep\u00f3rter da Ag\u00eancia Brasil<\/span><\/em><\/span><span class=\"assinatura11\"><span style=\"font-size: 8.5pt; font-family: Arial;\"> <\/span><\/span><span style=\"font-family: Arial;\"><\/span><\/p>\n","protected":false},"excerpt":{"rendered":"<p>O governo conseguiu impedir a cria\u00e7\u00e3o da Comiss\u00e3o Parlamentar de Inqu\u00e9rito (CPI) proposta pelo senador Romeu Tuma (PTB-SP) para investigar irregularidades na constru\u00e7\u00e3o de plataformas para a Petrobras. O requerimento obteve apenas 24 assinaturas, n\u00famero abaixo das 27 necess\u00e1rias para criar a CPI. O requerimento, apresentado em agosto de 2007, pedia a cria\u00e7\u00e3o de uma [&hellip;]<\/p>\n","protected":false},"author":3,"featured_media":0,"comment_status":"open","ping_status":"open","sticky":false,"template":"","format":"standard","meta":{"tdm_status":"","tdm_grid_status":"","footnotes":""},"categories":[22],"tags":[],"class_list":{"0":"post-1725","1":"post","2":"type-post","3":"status-publish","4":"format-standard","6":"category-brasil"},"_links":{"self":[{"href":"https:\/\/migracao.redenoticia.com.br\/noticia\/wp-json\/wp\/v2\/posts\/1725","targetHints":{"allow":["GET"]}}],"collection":[{"href":"https:\/\/migracao.redenoticia.com.br\/noticia\/wp-json\/wp\/v2\/posts"}],"about":[{"href":"https:\/\/migracao.redenoticia.com.br\/noticia\/wp-json\/wp\/v2\/types\/post"}],"author":[{"embeddable":true,"href":"https:\/\/migracao.redenoticia.com.br\/noticia\/wp-json\/wp\/v2\/users\/3"}],"replies":[{"embeddable":true,"href":"https:\/\/migracao.redenoticia.com.br\/noticia\/wp-json\/wp\/v2\/comments?post=1725"}],"version-history":[{"count":0,"href":"https:\/\/migracao.redenoticia.com.br\/noticia\/wp-json\/wp\/v2\/posts\/1725\/revisions"}],"wp:attachment":[{"href":"https:\/\/migracao.redenoticia.com.br\/noticia\/wp-json\/wp\/v2\/media?parent=1725"}],"wp:term":[{"taxonomy":"category","embeddable":true,"href":"https:\/\/migracao.redenoticia.com.br\/noticia\/wp-json\/wp\/v2\/categories?post=1725"},{"taxonomy":"post_tag","embeddable":true,"href":"https:\/\/migracao.redenoticia.com.br\/noticia\/wp-json\/wp\/v2\/tags?post=1725"}],"curies":[{"name":"wp","href":"https:\/\/api.w.org\/{rel}","templated":true}]}}