{"id":172548,"date":"2019-03-19T21:47:24","date_gmt":"2019-03-20T00:47:24","guid":{"rendered":"https:\/\/www.redenoticia.com.br\/noticia\/?p=172548"},"modified":"2019-03-21T21:25:39","modified_gmt":"2019-03-22T00:25:39","slug":"novela-a-terra-prometida-resumo-21-03-raabe-chama-salmon-para-interpelar-mara","status":"publish","type":"post","link":"https:\/\/migracao.redenoticia.com.br\/noticia\/2019\/novela-a-terra-prometida-resumo-21-03-raabe-chama-salmon-para-interpelar-mara\/172548","title":{"rendered":"Novela \u201cA Terra Prometida\u201d resumo 21\/03: Josu\u00e9 e Aruna jantam na tenda de Quemuel"},"content":{"rendered":"<p><em><strong><img loading=\"lazy\" decoding=\"async\" class=\"aligncenter size-large wp-image-149873\" src=\"https:\/\/migracao.redenoticia.com.br\/noticia\/imagens\/a-terra-prometida-14-400x229.jpg\" alt=\"\" width=\"400\" height=\"229\" srcset=\"https:\/\/migracao.redenoticia.com.br\/noticia\/imagens\/a-terra-prometida-14-400x229.jpg 400w, https:\/\/migracao.redenoticia.com.br\/noticia\/imagens\/a-terra-prometida-14-250x143.jpg 250w, https:\/\/migracao.redenoticia.com.br\/noticia\/imagens\/a-terra-prometida-14-696x398.jpg 696w, https:\/\/migracao.redenoticia.com.br\/noticia\/imagens\/a-terra-prometida-14-150x86.jpg 150w, https:\/\/migracao.redenoticia.com.br\/noticia\/imagens\/a-terra-prometida-14.jpg 700w\" sizes=\"auto, (max-width: 400px) 100vw, 400px\" \/>Novela \u201cA Terra Prometida\u201d resumo 21\/03<\/strong><\/em>: no capitulo 170 (*) da novela, quinta-feira, 21 de mar\u00e7o, Samara e L\u00e9ia reclamam da presen\u00e7a dos forasteiros no acampamento. J\u00e9ssica agradece pela companhia de Iru. Enciumada, L\u00e9ia pergunta se Quemuel se encontrar\u00e1 com Yana. Ele nega. Josu\u00e9 diz que Aruna n\u00e3o deve se cobrar tanto e se declara para ela. L\u00e9ia diz que precisa falar com Tobias. Racal e Bogotai s\u00e3o bem tratados por Eleazar e Fin\u00e9ias. Enquanto passeiam pelo acampamento, L\u00e9ia diz ter visto Adara e Samara pensa que a m\u00e3e est\u00e1 louca.<\/p>\n<p>Felizes, Josu\u00e9 e Aruna dan\u00e7am. L\u00e9ia para a mulher e v\u00ea que n\u00e3o \u00e9 Adara. Lina e Mireu conversam sobre a princesa \u00darsula. Adonizedeque impede que Abul o acompanhe na visita \u00e0s prisioneiras. Mireu diz que vai esperar o tempo certo para conquistar Ula. Adonizedeque se consulta com a rainha e a rainha-m\u00e3e, as prisioneiras. La\u00eds pede perd\u00e3o \u00e0 fam\u00edlia de Calebe. Zareg agradece a recep\u00e7\u00e3o de Pedael. Elias trata J\u00e9ssica com educa\u00e7\u00e3o. Milah pede prote\u00e7\u00e3o a Deus. Bogotai diz n\u00e3o ver a hora de executar Fin\u00e9ias.<\/p>\n<p>Zareg diz que Bogotai n\u00e3o deve pensar em se vingar de Fin\u00e9ias agora. O mensageiro do reino de Gibe\u00e3o procura por Zareg no pal\u00e1cio de Adonizedeque. Mireu avisa que os nobres foram vistos comprando roupas velhas na taberna de Ula. O rei de Jerusal\u00e9m avisa que \u00e9 preciso descobrir o que est\u00e1 acontecendo. Josu\u00e9 e Aruna jantam na tenda de Quemuel. Samara fica enciumada.<\/p>\n<p>(*) edi\u00e7\u00e3o da Rede Record, Novela \u201cA Terra Prometida\u201d, sujeito a altera\u00e7\u00e3o de data e conte\u00fado.<\/p>\n<p>\u201cA Terra Prometida\u201d &#8211; Ap\u00f3s a morte de Mois\u00e9s, Josu\u00e9 \u00e9 o novo l\u00edder dos hebreus. Ele \u00e9 um guerreiro experiente, dotado de coragem, determina\u00e7\u00e3o e de uma f\u00e9 poderosa. Mas n\u00e3o \u00e9 tarefa f\u00e1cil conduzir um povo ao seu destino! Com seus aliados mais pr\u00f3ximos e de confian\u00e7a, o sacerdote levita Eleazar e o l\u00edder da tribo Jud\u00e1 Calebe, Josu\u00e9 tem que cumprir uma dif\u00edcil miss\u00e3o ordenada por Deus: comandar as doze tribos de Israel na conquista de Cana\u00e3, \u201cA Terra Prometida\u201d.<\/p>\n","protected":false},"excerpt":{"rendered":"<p>Novela \u201cA Terra Prometida\u201d resumo 21\/03: no capitulo 170 (*) da novela, quinta-feira, 21 de mar\u00e7o, Samara e L\u00e9ia reclamam da presen\u00e7a dos forasteiros no acampamento. J\u00e9ssica agradece pela companhia de Iru. Enciumada, L\u00e9ia pergunta se Quemuel se encontrar\u00e1 com Yana. Ele nega. Josu\u00e9 diz que Aruna n\u00e3o deve se cobrar tanto e se declara [&hellip;]<\/p>\n","protected":false},"author":2,"featured_media":148656,"comment_status":"open","ping_status":"closed","sticky":false,"template":"","format":"standard","meta":{"tdm_status":"","tdm_grid_status":"","footnotes":""},"categories":[446,379,371,343],"tags":[441],"class_list":{"0":"post-172548","1":"post","2":"type-post","3":"status-publish","4":"format-standard","5":"has-post-thumbnail","7":"category-a-terra-prometida","8":"category-novelas","9":"category-rede-record","10":"category-televisao","11":"tag-resumo-do-dia"},"_links":{"self":[{"href":"https:\/\/migracao.redenoticia.com.br\/noticia\/wp-json\/wp\/v2\/posts\/172548","targetHints":{"allow":["GET"]}}],"collection":[{"href":"https:\/\/migracao.redenoticia.com.br\/noticia\/wp-json\/wp\/v2\/posts"}],"about":[{"href":"https:\/\/migracao.redenoticia.com.br\/noticia\/wp-json\/wp\/v2\/types\/post"}],"author":[{"embeddable":true,"href":"https:\/\/migracao.redenoticia.com.br\/noticia\/wp-json\/wp\/v2\/users\/2"}],"replies":[{"embeddable":true,"href":"https:\/\/migracao.redenoticia.com.br\/noticia\/wp-json\/wp\/v2\/comments?post=172548"}],"version-history":[{"count":0,"href":"https:\/\/migracao.redenoticia.com.br\/noticia\/wp-json\/wp\/v2\/posts\/172548\/revisions"}],"wp:featuredmedia":[{"embeddable":true,"href":"https:\/\/migracao.redenoticia.com.br\/noticia\/wp-json\/wp\/v2\/media\/148656"}],"wp:attachment":[{"href":"https:\/\/migracao.redenoticia.com.br\/noticia\/wp-json\/wp\/v2\/media?parent=172548"}],"wp:term":[{"taxonomy":"category","embeddable":true,"href":"https:\/\/migracao.redenoticia.com.br\/noticia\/wp-json\/wp\/v2\/categories?post=172548"},{"taxonomy":"post_tag","embeddable":true,"href":"https:\/\/migracao.redenoticia.com.br\/noticia\/wp-json\/wp\/v2\/tags?post=172548"}],"curies":[{"name":"wp","href":"https:\/\/api.w.org\/{rel}","templated":true}]}}