{"id":172550,"date":"2019-03-19T21:49:06","date_gmt":"2019-03-20T00:49:06","guid":{"rendered":"https:\/\/www.redenoticia.com.br\/noticia\/?p=172550"},"modified":"2019-03-19T21:49:08","modified_gmt":"2019-03-20T00:49:08","slug":"novela-jesus-resumo-21-03-jesus-e-levado-amarrado-ao-templo","status":"publish","type":"post","link":"https:\/\/migracao.redenoticia.com.br\/noticia\/2019\/novela-jesus-resumo-21-03-jesus-e-levado-amarrado-ao-templo\/172550","title":{"rendered":"Novela \u201cJesus\u201d resumo 21\/03: Jesus \u00e9 levado amarrado ao templo"},"content":{"rendered":"<p><em><strong><img loading=\"lazy\" decoding=\"async\" class=\"aligncenter size-large wp-image-149879\" src=\"https:\/\/migracao.redenoticia.com.br\/noticia\/imagens\/jesus-novela-record-400x174.jpg\" alt=\"\" width=\"400\" height=\"174\" srcset=\"https:\/\/migracao.redenoticia.com.br\/noticia\/imagens\/jesus-novela-record-400x174.jpg 400w, https:\/\/migracao.redenoticia.com.br\/noticia\/imagens\/jesus-novela-record-250x109.jpg 250w, https:\/\/migracao.redenoticia.com.br\/noticia\/imagens\/jesus-novela-record-768x335.jpg 768w, https:\/\/migracao.redenoticia.com.br\/noticia\/imagens\/jesus-novela-record-696x303.jpg 696w, https:\/\/migracao.redenoticia.com.br\/noticia\/imagens\/jesus-novela-record-150x65.jpg 150w, https:\/\/migracao.redenoticia.com.br\/noticia\/imagens\/jesus-novela-record.jpg 780w\" sizes=\"auto, (max-width: 400px) 100vw, 400px\" \/>Novela \u201cJesus\u201d resumo 21\/03<\/strong><\/em>: no capitulo 171 (*) da novela, quinta-feira, 21 de mar\u00e7o, Tadeu, Zelote, Mateus, Andr\u00e9, Natanael, Tiago Menor, Filipe e Tom\u00e9 fogem, apressados e assustados. Jesus \u00e9 levado, amarrado, por guardas do templo. Jonathan cospe em Jesus e eles riem. Eleazar d\u00e1 uma rasteira no Messias. Maria fica sabendo que o Filho foi preso. Ela O v\u00ea de longe, amarrado e machucado. Caif\u00e1s, j\u00e1 reunido com o conselho, zomba do Filho de Deus e come\u00e7a a bater Nele. Satan\u00e1s aparece.<\/p>\n<p>(*) edi\u00e7\u00e3o da Rede Record, Novela \u201cJesus\u201d, sujeito a altera\u00e7\u00e3o de data e conte\u00fado.<\/p>\n<p>\u201cJesus\u201d &#8211; Ap\u00f3s receber a anuncia\u00e7\u00e3o de que o filho de Deus estava a caminho, Maria (Cl\u00e1udia Mauro) d\u00e1 a luz ao escolhido e, junto com o marido Jos\u00e9 (Michel Bercovitch), cria com valores e bons princ\u00edpios o jovem escolhido Jesus (Dudu Azevedo). A profecia do escolhido incomoda o rei Herodes (Paulo Gorgulho), que passa a perseguir a fam\u00edlia, for\u00e7ando Maria e Jos\u00e9 a criarem Jesus como um jovem comum longe de sua miss\u00e3o.<\/p>\n","protected":false},"excerpt":{"rendered":"<p>Novela \u201cJesus\u201d resumo 21\/03: no capitulo 171 (*) da novela, quinta-feira, 21 de mar\u00e7o, Tadeu, Zelote, Mateus, Andr\u00e9, Natanael, Tiago Menor, Filipe e Tom\u00e9 fogem, apressados e assustados. Jesus \u00e9 levado, amarrado, por guardas do templo. Jonathan cospe em Jesus e eles riem. Eleazar d\u00e1 uma rasteira no Messias. Maria fica sabendo que o Filho [&hellip;]<\/p>\n","protected":false},"author":2,"featured_media":148138,"comment_status":"open","ping_status":"closed","sticky":false,"template":"","format":"standard","meta":{"tdm_status":"","tdm_grid_status":"","footnotes":""},"categories":[488,379,371,343],"tags":[441],"class_list":{"0":"post-172550","1":"post","2":"type-post","3":"status-publish","4":"format-standard","5":"has-post-thumbnail","7":"category-jesus","8":"category-novelas","9":"category-rede-record","10":"category-televisao","11":"tag-resumo-do-dia"},"_links":{"self":[{"href":"https:\/\/migracao.redenoticia.com.br\/noticia\/wp-json\/wp\/v2\/posts\/172550","targetHints":{"allow":["GET"]}}],"collection":[{"href":"https:\/\/migracao.redenoticia.com.br\/noticia\/wp-json\/wp\/v2\/posts"}],"about":[{"href":"https:\/\/migracao.redenoticia.com.br\/noticia\/wp-json\/wp\/v2\/types\/post"}],"author":[{"embeddable":true,"href":"https:\/\/migracao.redenoticia.com.br\/noticia\/wp-json\/wp\/v2\/users\/2"}],"replies":[{"embeddable":true,"href":"https:\/\/migracao.redenoticia.com.br\/noticia\/wp-json\/wp\/v2\/comments?post=172550"}],"version-history":[{"count":0,"href":"https:\/\/migracao.redenoticia.com.br\/noticia\/wp-json\/wp\/v2\/posts\/172550\/revisions"}],"wp:featuredmedia":[{"embeddable":true,"href":"https:\/\/migracao.redenoticia.com.br\/noticia\/wp-json\/wp\/v2\/media\/148138"}],"wp:attachment":[{"href":"https:\/\/migracao.redenoticia.com.br\/noticia\/wp-json\/wp\/v2\/media?parent=172550"}],"wp:term":[{"taxonomy":"category","embeddable":true,"href":"https:\/\/migracao.redenoticia.com.br\/noticia\/wp-json\/wp\/v2\/categories?post=172550"},{"taxonomy":"post_tag","embeddable":true,"href":"https:\/\/migracao.redenoticia.com.br\/noticia\/wp-json\/wp\/v2\/tags?post=172550"}],"curies":[{"name":"wp","href":"https:\/\/api.w.org\/{rel}","templated":true}]}}