{"id":172563,"date":"2019-03-30T21:48:16","date_gmt":"2019-03-31T00:48:16","guid":{"rendered":"https:\/\/www.redenoticia.com.br\/noticia\/?p=172563"},"modified":"2019-03-30T22:19:01","modified_gmt":"2019-03-31T01:19:01","slug":"novela-o-setimo-guardiao-firmina-cuidou-da-filha-de-neide","status":"publish","type":"post","link":"https:\/\/migracao.redenoticia.com.br\/noticia\/2019\/novela-o-setimo-guardiao-firmina-cuidou-da-filha-de-neide\/172563","title":{"rendered":"Novela \u201cO S\u00e9timo Guardi\u00e3o\u201d: Firmina cuidou da filha de Neide"},"content":{"rendered":"<p><strong><em><img loading=\"lazy\" decoding=\"async\" class=\"aligncenter size-large wp-image-154955\" src=\"https:\/\/migracao.redenoticia.com.br\/noticia\/imagens\/o-setimo-guardiao-116-363x300.jpg\" alt=\"\" width=\"363\" height=\"300\" srcset=\"https:\/\/migracao.redenoticia.com.br\/noticia\/imagens\/o-setimo-guardiao-116-363x300.jpg 363w, https:\/\/migracao.redenoticia.com.br\/noticia\/imagens\/o-setimo-guardiao-116-226x187.jpg 226w, https:\/\/migracao.redenoticia.com.br\/noticia\/imagens\/o-setimo-guardiao-116-150x124.jpg 150w, https:\/\/migracao.redenoticia.com.br\/noticia\/imagens\/o-setimo-guardiao-116.jpg 676w\" sizes=\"auto, (max-width: 363px) 100vw, 363px\" \/>Novela &#8220;O S\u00e9timo Guardi\u00e3o\u201d:<\/em><\/strong> Neide (Viviane Ara\u00fajo) conta a Murilo (Eduardo Moscovis) que eles tiveram uma filha. Ele conta a S\u00f3stenes (Marcos Caruso), eles desconfiam que Luz (Marina Ruy Barbosa) \u00e9 a filha desaparecida, mas Neide n\u00e3o reconhece a roupa que a ruiva usava quando foi encontrada.<\/p>\n<p>Luz passa a ajudar Murilo nas buscas por sua filha e fica intrigada com uma reportagem do sequestro de uma beb\u00ea na mesma \u00e9poca em Resplendor. Logo depois, Olavo (Tony Ramos) conta \u00e0 cabeleireira que sua m\u00e3e, Firmina (Guida Vianna), era a cozinheira de uma fam\u00edlia de amigos dele em S\u00e3o Paulo, e que fugiu depois da morte da filha do patr\u00e3o.<\/p>\n<p>Firmina conta a verdade para a filha: &#8220;Encontrei a menina por acaso! Eu trabalhava numa casa e escutei o que uma amiga da minha patroa contou pra ela: tinha adotado por debaixo do pano uma menina que encontraram largada no mato em Resplendor&#8230; A ma?e adotiva era muito conversadeira, sabe? Acabou me contando tudo com detalhes. Conclui? que era mesmo sua filha, sem a menor du?vida. Naquela e?poca eu nem sabia onde voce? estava, com quem ou como estava! E minha netinha, la? naquela casa&#8230; Ta?o bem educada, ta?o bem tratada&#8230; Mas ai?, quis o destino. Um acidente de carro e ela se foi pra sempre! Minha netinha! Sofri tanto. A ma?e adotiva tambe?m, coitada. Ainda fiquei por la? uns dias. Mas pra cada canto que olhava o que via era a menina! Na?o suportei&#8221;.<\/p>\n<p>Neide n\u00e3o acredita e Firmina comprova a hist\u00f3ria: &#8220;Eu tenho uma prova. Peguei um chumac?o de cabelo dela na escova do banheiro, peguei um pouco do meu e mandei fazer um exame de DNA. Deu positivo! Ela era minha neta, e sua filha! Tenho o laudo guardado nas minhas coisas, posso lhe mostrar&#8221;. Cena prevista para in\u00edcio de abril na Novela \u201cO S\u00e9timo Guardi\u00e3o\u201d.<\/p>\n<p>Sinopse \u201cO S\u00e9timo Guardi\u00e3o\u201d: \u00c0 primeira vista, Serro Azul pode parecer apenas mais uma t\u00edpica cidade do interior, pacata e cercada por montanhas, onde avan\u00e7os tecnol\u00f3gicos como internet e telefonia celular ainda n\u00e3o chegaram. Um lugar pelo qual quem passa n\u00e3o d\u00e1 muita aten\u00e7\u00e3o, sem saber o que est\u00e1 perdendo, afinal, uma cidade que \u00e9 vizinha de Greenville e Tubiancanga n\u00e3o poderia deixar de ter suas peculiaridades.<\/p>\n<p>A principal delas \u00e9 uma fonte com propriedades curativas e rejuvenescedoras, que \u00e9 a parte mais externa de um gigantesco aqu\u00edfero, uma enorme reserva daquilo que a cada dia se torna o bem mais precioso da Terra: a \u00e1gua. Essa fonte \u00e9 protegida por sete guardi\u00e3es que t\u00eam como miss\u00e3o garantir que essa riqueza n\u00e3o chegue \u00e0s m\u00e3os erradas.<\/p>\n","protected":false},"excerpt":{"rendered":"<p>Novela &#8220;O S\u00e9timo Guardi\u00e3o\u201d: Neide (Viviane Ara\u00fajo) conta a Murilo (Eduardo Moscovis) que eles tiveram uma filha. Ele conta a S\u00f3stenes (Marcos Caruso), eles desconfiam que Luz (Marina Ruy Barbosa) \u00e9 a filha desaparecida, mas Neide n\u00e3o reconhece a roupa que a ruiva usava quando foi encontrada. Luz passa a ajudar Murilo nas buscas por [&hellip;]<\/p>\n","protected":false},"author":2,"featured_media":154961,"comment_status":"open","ping_status":"closed","sticky":false,"template":"","format":"standard","meta":{"tdm_status":"","tdm_grid_status":"","footnotes":""},"categories":[379,530,375,343],"tags":[440],"class_list":{"0":"post-172563","1":"post","2":"type-post","3":"status-publish","4":"format-standard","5":"has-post-thumbnail","7":"category-novelas","8":"category-o-setimo-guardiao","9":"category-rede-globo","10":"category-televisao","11":"tag-noticia-novela"},"_links":{"self":[{"href":"https:\/\/migracao.redenoticia.com.br\/noticia\/wp-json\/wp\/v2\/posts\/172563","targetHints":{"allow":["GET"]}}],"collection":[{"href":"https:\/\/migracao.redenoticia.com.br\/noticia\/wp-json\/wp\/v2\/posts"}],"about":[{"href":"https:\/\/migracao.redenoticia.com.br\/noticia\/wp-json\/wp\/v2\/types\/post"}],"author":[{"embeddable":true,"href":"https:\/\/migracao.redenoticia.com.br\/noticia\/wp-json\/wp\/v2\/users\/2"}],"replies":[{"embeddable":true,"href":"https:\/\/migracao.redenoticia.com.br\/noticia\/wp-json\/wp\/v2\/comments?post=172563"}],"version-history":[{"count":0,"href":"https:\/\/migracao.redenoticia.com.br\/noticia\/wp-json\/wp\/v2\/posts\/172563\/revisions"}],"wp:featuredmedia":[{"embeddable":true,"href":"https:\/\/migracao.redenoticia.com.br\/noticia\/wp-json\/wp\/v2\/media\/154961"}],"wp:attachment":[{"href":"https:\/\/migracao.redenoticia.com.br\/noticia\/wp-json\/wp\/v2\/media?parent=172563"}],"wp:term":[{"taxonomy":"category","embeddable":true,"href":"https:\/\/migracao.redenoticia.com.br\/noticia\/wp-json\/wp\/v2\/categories?post=172563"},{"taxonomy":"post_tag","embeddable":true,"href":"https:\/\/migracao.redenoticia.com.br\/noticia\/wp-json\/wp\/v2\/tags?post=172563"}],"curies":[{"name":"wp","href":"https:\/\/api.w.org\/{rel}","templated":true}]}}