{"id":172574,"date":"2019-03-20T16:05:58","date_gmt":"2019-03-20T19:05:58","guid":{"rendered":"https:\/\/www.redenoticia.com.br\/noticia\/?p=172574"},"modified":"2019-03-20T16:06:02","modified_gmt":"2019-03-20T19:06:02","slug":"resumo-novela-cumplices-de-um-resgate-21-03-marina-pede-para-damiao-se-comunicar-com-rebeca","status":"publish","type":"post","link":"https:\/\/migracao.redenoticia.com.br\/noticia\/2019\/resumo-novela-cumplices-de-um-resgate-21-03-marina-pede-para-damiao-se-comunicar-com-rebeca\/172574","title":{"rendered":"Resumo novela \u201cC\u00famplices de um Resgate\u201d 21\/03: Marina pede para Dami\u00e3o se comunicar com Rebeca"},"content":{"rendered":"<p><img loading=\"lazy\" decoding=\"async\" class=\"aligncenter size-large wp-image-164526\" src=\"https:\/\/migracao.redenoticia.com.br\/noticia\/imagens\/cumplices-de-um-resgate-001-316x300.jpg\" alt=\"\" width=\"316\" height=\"300\" srcset=\"https:\/\/migracao.redenoticia.com.br\/noticia\/imagens\/cumplices-de-um-resgate-001-316x300.jpg 316w, https:\/\/migracao.redenoticia.com.br\/noticia\/imagens\/cumplices-de-um-resgate-001-197x187.jpg 197w, https:\/\/migracao.redenoticia.com.br\/noticia\/imagens\/cumplices-de-um-resgate-001-150x143.jpg 150w, https:\/\/migracao.redenoticia.com.br\/noticia\/imagens\/cumplices-de-um-resgate-001.jpg 526w\" sizes=\"auto, (max-width: 316px) 100vw, 316px\" \/> Resumo novela \u201cC\u00famplices de um Resgate\u201d 21\/03 : no cap\u00edtulo 054(*) da novela, quinta-feira, 21 de mar\u00e7o, Pedro conversa com Helena e fica enciumado que Ot\u00e1vio se reaproximou de Rebeca. Dami\u00e3o diz para Marina que decidiu contar tudo para a pol\u00edcia. Marina diz que ele n\u00e3o pode fazer isso, pois \u00e9 o \u00fanico elo deles com o mundo exterior, sem contar que \u00e9 muito arriscado. Marina pede para Dami\u00e3o conseguir se comunicar com Rebeca para avisar que Manuela est\u00e1 bem. Em um restaurante, Joel reclama com Geraldo que pegou seus melhores capangas.<\/p>\n<p>O filho de Joel aparece (estreia do ator Marcelo Galdino) e pergunta para Geraldo se a sobrinha dele ainda continua bonita. Rebeca vai com Ot\u00e1vio at\u00e9 a escola e Sabrina confessa que n\u00e3o era a amiga misteriosa de Manuela. Lurdinha avisa Safira que Ot\u00e1vio ir\u00e1 se afastar por um tempo. Priscila liga para Safira e diz que se a m\u00e3e n\u00e3o for pra casa para conversarem ela mesma ir\u00e1 para o trabalho dela. Dami\u00e3o liga do orelh\u00e3o para Rebeca e com a voz disfar\u00e7ada diz que Manuela est\u00e1 bem. Rebeca faz perguntas e Dami\u00e3o desliga.<\/p>\n<p>(*) edi\u00e7\u00e3o do SBT, Novela \u201cC\u00famplices de um Resgate\u201d, sujeito a altera\u00e7\u00e3o de data e conte\u00fado.<\/p>\n","protected":false},"excerpt":{"rendered":"<p>Resumo novela \u201cC\u00famplices de um Resgate\u201d 21\/03 : no cap\u00edtulo 054(*) da novela, quinta-feira, 21 de mar\u00e7o, Pedro conversa com Helena e fica enciumado que Ot\u00e1vio se reaproximou de Rebeca. Dami\u00e3o diz para Marina que decidiu contar tudo para a pol\u00edcia. Marina diz que ele n\u00e3o pode fazer isso, pois \u00e9 o \u00fanico elo deles [&hellip;]<\/p>\n","protected":false},"author":4,"featured_media":164526,"comment_status":"open","ping_status":"closed","sticky":false,"template":"","format":"standard","meta":{"tdm_status":"","tdm_grid_status":"","footnotes":""},"categories":[379,372,343],"tags":[441],"class_list":{"0":"post-172574","1":"post","2":"type-post","3":"status-publish","4":"format-standard","5":"has-post-thumbnail","7":"category-novelas","8":"category-sbt","9":"category-televisao","10":"tag-resumo-do-dia"},"_links":{"self":[{"href":"https:\/\/migracao.redenoticia.com.br\/noticia\/wp-json\/wp\/v2\/posts\/172574","targetHints":{"allow":["GET"]}}],"collection":[{"href":"https:\/\/migracao.redenoticia.com.br\/noticia\/wp-json\/wp\/v2\/posts"}],"about":[{"href":"https:\/\/migracao.redenoticia.com.br\/noticia\/wp-json\/wp\/v2\/types\/post"}],"author":[{"embeddable":true,"href":"https:\/\/migracao.redenoticia.com.br\/noticia\/wp-json\/wp\/v2\/users\/4"}],"replies":[{"embeddable":true,"href":"https:\/\/migracao.redenoticia.com.br\/noticia\/wp-json\/wp\/v2\/comments?post=172574"}],"version-history":[{"count":0,"href":"https:\/\/migracao.redenoticia.com.br\/noticia\/wp-json\/wp\/v2\/posts\/172574\/revisions"}],"wp:featuredmedia":[{"embeddable":true,"href":"https:\/\/migracao.redenoticia.com.br\/noticia\/wp-json\/wp\/v2\/media\/164526"}],"wp:attachment":[{"href":"https:\/\/migracao.redenoticia.com.br\/noticia\/wp-json\/wp\/v2\/media?parent=172574"}],"wp:term":[{"taxonomy":"category","embeddable":true,"href":"https:\/\/migracao.redenoticia.com.br\/noticia\/wp-json\/wp\/v2\/categories?post=172574"},{"taxonomy":"post_tag","embeddable":true,"href":"https:\/\/migracao.redenoticia.com.br\/noticia\/wp-json\/wp\/v2\/tags?post=172574"}],"curies":[{"name":"wp","href":"https:\/\/api.w.org\/{rel}","templated":true}]}}