{"id":172576,"date":"2019-03-20T16:07:20","date_gmt":"2019-03-20T19:07:20","guid":{"rendered":"https:\/\/www.redenoticia.com.br\/noticia\/?p=172576"},"modified":"2019-03-20T16:07:22","modified_gmt":"2019-03-20T19:07:22","slug":"resumo-novela-a-garota-da-moto-21-03-joana-e-ivan-terminam-o-namoro","status":"publish","type":"post","link":"https:\/\/migracao.redenoticia.com.br\/noticia\/2019\/resumo-novela-a-garota-da-moto-21-03-joana-e-ivan-terminam-o-namoro\/172576","title":{"rendered":"Resumo novela \u201cA Garota da Moto\u201d 21\/03: Joana e Ivan terminam o namoro"},"content":{"rendered":"<p><strong><em><img loading=\"lazy\" decoding=\"async\" class=\"aligncenter size-large wp-image-171233\" src=\"https:\/\/migracao.redenoticia.com.br\/noticia\/imagens\/a-garota-da-moto-sbt-300x300.jpg\" alt=\"\" width=\"300\" height=\"300\" srcset=\"https:\/\/migracao.redenoticia.com.br\/noticia\/imagens\/a-garota-da-moto-sbt-300x300.jpg 300w, https:\/\/migracao.redenoticia.com.br\/noticia\/imagens\/a-garota-da-moto-sbt-187x187.jpg 187w, https:\/\/migracao.redenoticia.com.br\/noticia\/imagens\/a-garota-da-moto-sbt.jpg 540w\" sizes=\"auto, (max-width: 300px) 100vw, 300px\" \/>Resumo novela \u201cA Garota da Moto\u201d 21\/03:<\/em><\/strong> no cap\u00edtulo 012(*) da novela, quinta-feira, 21 de mar\u00e7o, Li\u00e9ge decide que o Botec\u00e3o agora vai fazer entregas e contrata a Mot\u00f3polis para faz\u00ea-las. Li\u00e9ge e Bac fecham o neg\u00f3cio: v\u00e3o entregar as quentinhas da Fang. Por\u00e9m tudo fica uma zona quando Li\u00e9ge bomba na internet o servi\u00e7o de entregas e Mickey se enrola com os pedidos.<\/p>\n<p>At\u00e9 que Mickey perde a paci\u00eancia e d\u00e1 um basta nas entregas. Joana ainda est\u00e1 brava e desconfiada de Ivan por causa da apari\u00e7\u00e3o surpresa de Naomi no \u00faltimo epis\u00f3dio. Ivan tenta conversar com ela, mas Joana pede espa\u00e7o. Rafa liga para Alex e avisa por onde Joana vai andar. Entre encontrar com Marley e depois ser surpreendida por Alex na rua, Joana acaba na confus\u00e3o de Ivan e Marley encontrarem Alex no Botec\u00e3o.<\/p>\n<p>Alex se arma de uma garrafa quebrada e Ivan saca sua arma. Clima tenso, Alex fica dizendo sobre como Joana \u00e9 sua mulher, deixando Ivan transtornado. Ivan consegue pegar a carteira de identidade de Alex. Joana \u00e9 obrigada a contar que Alex invadiu sua casa e que salvou Nico. Alex consegue fugir. Mais tarde, Joana e Ivan discutem sobre Alex e Naomi e isso resulta no t\u00e9rmino do relacionamento. Rafa visita Bernarda na cadeia e conta para ela que Alex apareceu e que isso resultou no t\u00e9rmino de Joana e Ivan.<\/p>\n<p>(*) edi\u00e7\u00e3o do SBT, Novela \u201cA Garota da Moto\u201d, sujeito a altera\u00e7\u00e3o de data e conte\u00fado.<\/p>\n<p>Sinopse \u2013 Joana vive o dia a dia fascinante e perigoso das ruas, viadutos e vias expressas de S\u00e3o Paulo sobre duas rodas. Ela \u00e9 uma motogirl que faz parte desse ex\u00e9rcito de mais de 300 mil pessoas que cruzam a cidade transportando de tudo, todos os dias, o dia inteiro. Um ex\u00e9rcito que \u00e9, como todos, predominantemente masculino. Joana \u00e9 uma exce\u00e7\u00e3o: \u00e9 mulher, jovem, bonita e acima de tudo, \u00e9 corajosa.<\/p>\n<p>Joana se tornou aventureira porque se viu acuada, tendo que defender sozinha o seu filho de oito anos, Nico, contra gente muito poderosa. Nessa jornada, ela descobre for\u00e7as que nem sabia que tinha \u2013 como acontece tantas vezes com os verdadeiros her\u00f3is.<\/p>\n","protected":false},"excerpt":{"rendered":"<p>Resumo novela \u201cA Garota da Moto\u201d 21\/03: no cap\u00edtulo 012(*) da novela, quinta-feira, 21 de mar\u00e7o, Li\u00e9ge decide que o Botec\u00e3o agora vai fazer entregas e contrata a Mot\u00f3polis para faz\u00ea-las. Li\u00e9ge e Bac fecham o neg\u00f3cio: v\u00e3o entregar as quentinhas da Fang. Por\u00e9m tudo fica uma zona quando Li\u00e9ge bomba na internet o servi\u00e7o [&hellip;]<\/p>\n","protected":false},"author":4,"featured_media":90196,"comment_status":"open","ping_status":"closed","sticky":false,"template":"","format":"standard","meta":{"tdm_status":"","tdm_grid_status":"","footnotes":""},"categories":[379,372,343],"tags":[441],"class_list":{"0":"post-172576","1":"post","2":"type-post","3":"status-publish","4":"format-standard","5":"has-post-thumbnail","7":"category-novelas","8":"category-sbt","9":"category-televisao","10":"tag-resumo-do-dia"},"_links":{"self":[{"href":"https:\/\/migracao.redenoticia.com.br\/noticia\/wp-json\/wp\/v2\/posts\/172576","targetHints":{"allow":["GET"]}}],"collection":[{"href":"https:\/\/migracao.redenoticia.com.br\/noticia\/wp-json\/wp\/v2\/posts"}],"about":[{"href":"https:\/\/migracao.redenoticia.com.br\/noticia\/wp-json\/wp\/v2\/types\/post"}],"author":[{"embeddable":true,"href":"https:\/\/migracao.redenoticia.com.br\/noticia\/wp-json\/wp\/v2\/users\/4"}],"replies":[{"embeddable":true,"href":"https:\/\/migracao.redenoticia.com.br\/noticia\/wp-json\/wp\/v2\/comments?post=172576"}],"version-history":[{"count":0,"href":"https:\/\/migracao.redenoticia.com.br\/noticia\/wp-json\/wp\/v2\/posts\/172576\/revisions"}],"wp:featuredmedia":[{"embeddable":true,"href":"https:\/\/migracao.redenoticia.com.br\/noticia\/wp-json\/wp\/v2\/media\/90196"}],"wp:attachment":[{"href":"https:\/\/migracao.redenoticia.com.br\/noticia\/wp-json\/wp\/v2\/media?parent=172576"}],"wp:term":[{"taxonomy":"category","embeddable":true,"href":"https:\/\/migracao.redenoticia.com.br\/noticia\/wp-json\/wp\/v2\/categories?post=172576"},{"taxonomy":"post_tag","embeddable":true,"href":"https:\/\/migracao.redenoticia.com.br\/noticia\/wp-json\/wp\/v2\/tags?post=172576"}],"curies":[{"name":"wp","href":"https:\/\/api.w.org\/{rel}","templated":true}]}}