{"id":172583,"date":"2019-03-20T16:12:59","date_gmt":"2019-03-20T19:12:59","guid":{"rendered":"https:\/\/www.redenoticia.com.br\/noticia\/?p=172583"},"modified":"2019-03-20T16:13:02","modified_gmt":"2019-03-20T19:13:02","slug":"resumo-novela-espelho-da-vida-21-03-margot-conclui-que-daniel-e-a-reencarnacao-de-danilo","status":"publish","type":"post","link":"https:\/\/migracao.redenoticia.com.br\/noticia\/2019\/resumo-novela-espelho-da-vida-21-03-margot-conclui-que-daniel-e-a-reencarnacao-de-danilo\/172583","title":{"rendered":"Resumo novela \u201cEspelho da Vida\u201d 21\/03: Margot conclui que Daniel \u00e9 a reencarna\u00e7\u00e3o de Danilo"},"content":{"rendered":"<p><strong><em><img loading=\"lazy\" decoding=\"async\" class=\"aligncenter size-large wp-image-153376\" src=\"https:\/\/migracao.redenoticia.com.br\/noticia\/imagens\/espelho-da-vida-001-384x300.jpg\" alt=\"\" width=\"384\" height=\"300\" srcset=\"https:\/\/migracao.redenoticia.com.br\/noticia\/imagens\/espelho-da-vida-001-384x300.jpg 384w, https:\/\/migracao.redenoticia.com.br\/noticia\/imagens\/espelho-da-vida-001-239x187.jpg 239w, https:\/\/migracao.redenoticia.com.br\/noticia\/imagens\/espelho-da-vida-001-150x117.jpg 150w, https:\/\/migracao.redenoticia.com.br\/noticia\/imagens\/espelho-da-vida-001.jpg 597w\" sizes=\"auto, (max-width: 384px) 100vw, 384px\" \/>Resumo novela \u201cEspelho da Vida\u201d 21\/03 <\/em><\/strong>: no cap\u00edtulo 151(*) da novela, resumo de quinta-feira, 21 de mar\u00e7o, Henrique teme que Eug\u00eanio atente contra Maristela e pede ajuda a Piedade. Piedade se revolta contra Eug\u00eanio e Albertina. Fabr\u00edcio diz que o estado de sa\u00fade de Augusto \u00e9 grave, e Hildegard sofre. Grace, Alain e Marcelo conversam sobre Isabel. Isabel tem um pesadelo com Felipe. Piedade encontra a passagem de Maristela e aconselha a mulher a fugir imediatamente com Henrique. Carmo aconselha Josi a dar uma chance para o amor.<\/p>\n<p>Jorge, Margot, Dalva, Carmo, Josi e Cl\u00e1udio assistem ao show de Marina. Jorge pede Marina em casamento. Piedade confronta Eug\u00eanio, que prende a esposa e a amea\u00e7a. Gentil incentiva Lenita e Pat a fazerem as pazes. Josi confessa seu amor por Cl\u00e1udio. Augusto n\u00e3o resiste, e Hildegard sofre a morte de seu amor. Margot conclui que Daniel \u00e9 a reencarna\u00e7\u00e3o de Danilo.<\/p>\n<p>(*) edi\u00e7\u00e3o da Rede Globo, Novela \u201cEspelho da Vida\u201d, sujeito a altera\u00e7\u00e3o de data e conte\u00fado.<\/p>\n<p>Cris Val\u00eancia (Vit\u00f3ria Strada) \u00e9 uma atriz de teatro, linda, estudiosa e filha de pais artistas. A jovem \u00e9 idealista e segura de seus objetivos. Sens\u00edvel, acredita em todos que se aproximam, valoriza o amor e vive um romance feliz ao lado de Alain (Jo\u00e3o Vicente de Castro). Incentivadora da carreira do namorado, ela apoia seus projetos e acredita que ele precisa investir na produ\u00e7\u00e3o de um filme rom\u00e2ntico.<\/p>\n<p>Em \u201cEspelho da Vida\u201d, Alain \u00e9 um diretor de TV e cinema bem-sucedido no Rio de Janeiro, muito reconhecido por sua arte. O jovem recebe um pr\u00eamio por seu \u00faltimo curta-metragem e est\u00e1 em busca de novos roteiros para seu primeiro longa de com\u00e9dia.<\/p>\n","protected":false},"excerpt":{"rendered":"<p>Resumo novela \u201cEspelho da Vida\u201d 21\/03 : no cap\u00edtulo 151(*) da novela, resumo de quinta-feira, 21 de mar\u00e7o, Henrique teme que Eug\u00eanio atente contra Maristela e pede ajuda a Piedade. Piedade se revolta contra Eug\u00eanio e Albertina. Fabr\u00edcio diz que o estado de sa\u00fade de Augusto \u00e9 grave, e Hildegard sofre. Grace, Alain e Marcelo [&hellip;]<\/p>\n","protected":false},"author":4,"featured_media":150110,"comment_status":"open","ping_status":"closed","sticky":false,"template":"","format":"standard","meta":{"tdm_status":"","tdm_grid_status":"","footnotes":""},"categories":[527,379,375,343],"tags":[441],"class_list":{"0":"post-172583","1":"post","2":"type-post","3":"status-publish","4":"format-standard","5":"has-post-thumbnail","7":"category-espelho-da-vida","8":"category-novelas","9":"category-rede-globo","10":"category-televisao","11":"tag-resumo-do-dia"},"_links":{"self":[{"href":"https:\/\/migracao.redenoticia.com.br\/noticia\/wp-json\/wp\/v2\/posts\/172583","targetHints":{"allow":["GET"]}}],"collection":[{"href":"https:\/\/migracao.redenoticia.com.br\/noticia\/wp-json\/wp\/v2\/posts"}],"about":[{"href":"https:\/\/migracao.redenoticia.com.br\/noticia\/wp-json\/wp\/v2\/types\/post"}],"author":[{"embeddable":true,"href":"https:\/\/migracao.redenoticia.com.br\/noticia\/wp-json\/wp\/v2\/users\/4"}],"replies":[{"embeddable":true,"href":"https:\/\/migracao.redenoticia.com.br\/noticia\/wp-json\/wp\/v2\/comments?post=172583"}],"version-history":[{"count":0,"href":"https:\/\/migracao.redenoticia.com.br\/noticia\/wp-json\/wp\/v2\/posts\/172583\/revisions"}],"wp:featuredmedia":[{"embeddable":true,"href":"https:\/\/migracao.redenoticia.com.br\/noticia\/wp-json\/wp\/v2\/media\/150110"}],"wp:attachment":[{"href":"https:\/\/migracao.redenoticia.com.br\/noticia\/wp-json\/wp\/v2\/media?parent=172583"}],"wp:term":[{"taxonomy":"category","embeddable":true,"href":"https:\/\/migracao.redenoticia.com.br\/noticia\/wp-json\/wp\/v2\/categories?post=172583"},{"taxonomy":"post_tag","embeddable":true,"href":"https:\/\/migracao.redenoticia.com.br\/noticia\/wp-json\/wp\/v2\/tags?post=172583"}],"curies":[{"name":"wp","href":"https:\/\/api.w.org\/{rel}","templated":true}]}}