{"id":172688,"date":"2019-03-21T16:23:28","date_gmt":"2019-03-21T19:23:28","guid":{"rendered":"https:\/\/www.redenoticia.com.br\/noticia\/?p=172688"},"modified":"2019-03-21T16:23:31","modified_gmt":"2019-03-21T19:23:31","slug":"resumo-novela-verao-90-22-03-joao-e-sequestrado","status":"publish","type":"post","link":"https:\/\/migracao.redenoticia.com.br\/noticia\/2019\/resumo-novela-verao-90-22-03-joao-e-sequestrado\/172688","title":{"rendered":"Resumo novela \u201cVer\u00e3o 90\u201d 22\/03: Jo\u00e3o \u00e9 sequestrado"},"content":{"rendered":"<p><em><strong><img loading=\"lazy\" decoding=\"async\" class=\"aligncenter size-large wp-image-167197\" src=\"https:\/\/migracao.redenoticia.com.br\/noticia\/imagens\/verao-90-001-299x300.jpg\" alt=\"\" width=\"299\" height=\"300\" srcset=\"https:\/\/migracao.redenoticia.com.br\/noticia\/imagens\/verao-90-001-299x300.jpg 299w, https:\/\/migracao.redenoticia.com.br\/noticia\/imagens\/verao-90-001-186x187.jpg 186w, https:\/\/migracao.redenoticia.com.br\/noticia\/imagens\/verao-90-001-560x562.jpg 560w, https:\/\/migracao.redenoticia.com.br\/noticia\/imagens\/verao-90-001.jpg 614w\" sizes=\"auto, (max-width: 299px) 100vw, 299px\" \/>Resumo novela \u201cVer\u00e3o 90\u201d 22\/03 <\/strong><\/em> : no cap\u00edtulo 046(*) da novela, resumo sexta-feira, 22 de mar\u00e7o, Manu estranha ao ver Vanessa na televis\u00e3o. Herculano sente ci\u00fames da intimidade entre Jana\u00edna e Raimundo. Gisela liquida a d\u00edvida com \u00c1lamo, que fica desconfiado. Jo\u00e3o aborda Vanessa de forma ir\u00f4nica. Lidiane deixa Patrick arrasado ao revelar que n\u00e3o deseja se casar. Herculano fica furioso ao saber pelos produtores da Terremoto o motivo pelo qual seu v\u00eddeo foi selecionado. Herculano avisa a Gisela que n\u00e3o a perdoar\u00e1.<\/p>\n<p>Quinz\u00e3o leva Gisela para sua casa e avisa a Mercedes que eles precisam dar apoio a filha. Durante um show, Ticiano se encanta com Dandara na plateia e a chama para dan\u00e7ar no palco. Vanessa garante a Galdino que n\u00e3o gosta de Jer\u00f4nimo e quer v\u00ea-lo sofrer. Moana diz a Jo\u00e3o que est\u00e1 cansada de ser apenas sua amiga. Jo\u00e3o \u00e9 abordado no caminho de casa por dois capangas que o for\u00e7am a entrar em um carro.<\/p>\n<p>(*) edi\u00e7\u00e3o da Rede Globo, Novela \u201cVer\u00e3o 90\u201d, sujeito a altera\u00e7\u00e3o de data e conte\u00fado.<\/p>\n<p>Sinopse \u201cVer\u00e3o 90\u201d: O Rio de Janeiro da d\u00e9cada de 1990, a cultura efervescente da \u00e9poca, os acontecimentos sociais e pol\u00edticos, a m\u00fasica e a moda est\u00e3o presentes em \u2018Ver\u00e3o 90\u2019, uma com\u00e9dia rom\u00e2ntica, solar e musical, escrita por Izabel de Oliveira e Paula Amaral, com dire\u00e7\u00e3o art\u00edstica de Jorge Fernando. A pr\u00f3xima novela das sete vai mostrar a trajet\u00f3ria de tr\u00eas ex-astros mirins e suas m\u00e3es batalhadoras, Lidiane (Claudia Raia) e Jana\u00edna (Dira Paes), cada uma a seu modo. A previs\u00e3o de estreia \u00e9 para o in\u00edcio de 2019. A hist\u00f3ria rom\u00e2ntica e musical que tem como protagonistas o trio Jo\u00e3o (Jo\u00e3o Bravo\/Rafael Vitti), Manuzita (Melissa N\u00f3brega\/Isabelle Drummond) e Jer\u00f4nimo (Diogo Caruso\/Jesu\u00edta Barbosa).<\/p>\n","protected":false},"excerpt":{"rendered":"<p>Resumo novela \u201cVer\u00e3o 90\u201d 22\/03 : no cap\u00edtulo 046(*) da novela, resumo sexta-feira, 22 de mar\u00e7o, Manu estranha ao ver Vanessa na televis\u00e3o. Herculano sente ci\u00fames da intimidade entre Jana\u00edna e Raimundo. Gisela liquida a d\u00edvida com \u00c1lamo, que fica desconfiado. Jo\u00e3o aborda Vanessa de forma ir\u00f4nica. Lidiane deixa Patrick arrasado ao revelar que n\u00e3o [&hellip;]<\/p>\n","protected":false},"author":4,"featured_media":167198,"comment_status":"open","ping_status":"closed","sticky":false,"template":"","format":"standard","meta":{"tdm_status":"","tdm_grid_status":"","footnotes":""},"categories":[379,375,343,536],"tags":[441],"class_list":{"0":"post-172688","1":"post","2":"type-post","3":"status-publish","4":"format-standard","5":"has-post-thumbnail","7":"category-novelas","8":"category-rede-globo","9":"category-televisao","10":"category-verao-90","11":"tag-resumo-do-dia"},"_links":{"self":[{"href":"https:\/\/migracao.redenoticia.com.br\/noticia\/wp-json\/wp\/v2\/posts\/172688","targetHints":{"allow":["GET"]}}],"collection":[{"href":"https:\/\/migracao.redenoticia.com.br\/noticia\/wp-json\/wp\/v2\/posts"}],"about":[{"href":"https:\/\/migracao.redenoticia.com.br\/noticia\/wp-json\/wp\/v2\/types\/post"}],"author":[{"embeddable":true,"href":"https:\/\/migracao.redenoticia.com.br\/noticia\/wp-json\/wp\/v2\/users\/4"}],"replies":[{"embeddable":true,"href":"https:\/\/migracao.redenoticia.com.br\/noticia\/wp-json\/wp\/v2\/comments?post=172688"}],"version-history":[{"count":0,"href":"https:\/\/migracao.redenoticia.com.br\/noticia\/wp-json\/wp\/v2\/posts\/172688\/revisions"}],"wp:featuredmedia":[{"embeddable":true,"href":"https:\/\/migracao.redenoticia.com.br\/noticia\/wp-json\/wp\/v2\/media\/167198"}],"wp:attachment":[{"href":"https:\/\/migracao.redenoticia.com.br\/noticia\/wp-json\/wp\/v2\/media?parent=172688"}],"wp:term":[{"taxonomy":"category","embeddable":true,"href":"https:\/\/migracao.redenoticia.com.br\/noticia\/wp-json\/wp\/v2\/categories?post=172688"},{"taxonomy":"post_tag","embeddable":true,"href":"https:\/\/migracao.redenoticia.com.br\/noticia\/wp-json\/wp\/v2\/tags?post=172688"}],"curies":[{"name":"wp","href":"https:\/\/api.w.org\/{rel}","templated":true}]}}