{"id":172710,"date":"2019-03-21T22:05:38","date_gmt":"2019-03-22T01:05:38","guid":{"rendered":"https:\/\/www.redenoticia.com.br\/noticia\/?p=172710"},"modified":"2019-03-21T22:35:58","modified_gmt":"2019-03-22T01:35:58","slug":"novela-cordel-encantado-florinda-diz-a-zenobio-que-esta-confusa-com-seus-sentimentos","status":"publish","type":"post","link":"https:\/\/migracao.redenoticia.com.br\/noticia\/2019\/novela-cordel-encantado-florinda-diz-a-zenobio-que-esta-confusa-com-seus-sentimentos\/172710","title":{"rendered":"Novela &#8220;Cordel Encantado&#8221;: Florinda diz a Zen\u00f3bio que est\u00e1 confusa com seus sentimentos"},"content":{"rendered":"<p><strong><em><img loading=\"lazy\" decoding=\"async\" class=\"aligncenter size-large wp-image-165215\" src=\"https:\/\/migracao.redenoticia.com.br\/noticia\/imagens\/cordel-003-400x300.jpg\" alt=\"\" width=\"400\" height=\"300\" srcset=\"https:\/\/migracao.redenoticia.com.br\/noticia\/imagens\/cordel-003-400x300.jpg 400w, https:\/\/migracao.redenoticia.com.br\/noticia\/imagens\/cordel-003-250x187.jpg 250w, https:\/\/migracao.redenoticia.com.br\/noticia\/imagens\/cordel-003-150x113.jpg 150w, https:\/\/migracao.redenoticia.com.br\/noticia\/imagens\/cordel-003-265x198.jpg 265w, https:\/\/migracao.redenoticia.com.br\/noticia\/imagens\/cordel-003.jpg 480w\" sizes=\"auto, (max-width: 400px) 100vw, 400px\" \/>Novela &#8220;Cordel Encantado&#8221;:<\/em><\/strong> Florinda (Emanuelle Ara\u00fajo) est\u00e1 triste na cama relembrando o beijo que Petrus (Felipe Camargo) lhe deu, quando Zen\u00f3bio (Guilherme Fontes) entra. Ele percebe a tristeza de sua mulher e pergunta se ela est\u00e1 assim por causa de Petrus. Florinda diz que est\u00e1 apenas preocupada com ele e Rei Augusto (Carmo Dalla Vecchia).<\/p>\n<p>Zen\u00f3bio pressiona Florinda: \u201cVoc\u00ea se apaixonou por Petrus.\u201d Florinda responde sem jeito: \u201cN\u00e3o sei! Estou confusa! No come\u00e7o, o que eu sentia por ele era s\u00f3 compaix\u00e3o! Agora&#8230; n\u00e3o sei mais o que t\u00f4 sentindo!\u201d<\/p>\n<p>O bot\u00e2nico implora para que ela n\u00e3o deixe esse sentimento por Petrus acabar com o casamento deles. Os dois se abra\u00e7am e choram.<\/p>\n<p>Sinopse &#8220;Cordel Encantado&#8221;: Augusto e sua rainha vivem uma vida harmoniosa e feliz, sem imaginar que est\u00e3o cercados por dois vil\u00f5es: \u00darsula (D\u00e9bora Bloch), cunhada do rei, e Nicolau (Luiz Fernando Guimar\u00e3es), o atrapalhado mordomo da corte. A bela, elegante e sofisticada duquesa \u00e9 a pessoa mais perigosa e falsa de todo o reino.<\/p>\n<p>Ajudada por Nicolau, seu amante, \u00darsula deseja se tornar rainha. E a viagem a Brogod\u00f3 \u00e9 a chance que a duquesa sempre quis para se livrar de Cristina e da princesa.A sede de poder da dupla de vil\u00f5es \u00e9 crescente: no Brasil, para onde se muda com a corte europeia, o casal continua a planejar e executar planos para conseguir o que quer. No decorrer da novela, revela-se que Lady Cec\u00edlia (Sofia Terra), que \u00darsula criava como sobrinha, \u00e9 filha da vil\u00e3 com o general Baldini (Em\u00edlio de Mello), militar do ex\u00e9rcito de Ser\u00e1fia do Norte.<\/p>\n<p>Fonte Rede Globo &#8220;Cordel Encantado\u201d<\/p>\n","protected":false},"excerpt":{"rendered":"<p>Novela &#8220;Cordel Encantado&#8221;: Florinda (Emanuelle Ara\u00fajo) est\u00e1 triste na cama relembrando o beijo que Petrus (Felipe Camargo) lhe deu, quando Zen\u00f3bio (Guilherme Fontes) entra. Ele percebe a tristeza de sua mulher e pergunta se ela est\u00e1 assim por causa de Petrus. Florinda diz que est\u00e1 apenas preocupada com ele e Rei Augusto (Carmo Dalla Vecchia). [&hellip;]<\/p>\n","protected":false},"author":2,"featured_media":165213,"comment_status":"open","ping_status":"closed","sticky":false,"template":"","format":"standard","meta":{"tdm_status":"","tdm_grid_status":"","footnotes":""},"categories":[535,379,375,343],"tags":[440],"class_list":{"0":"post-172710","1":"post","2":"type-post","3":"status-publish","4":"format-standard","5":"has-post-thumbnail","7":"category-cordel-encantado","8":"category-novelas","9":"category-rede-globo","10":"category-televisao","11":"tag-noticia-novela"},"_links":{"self":[{"href":"https:\/\/migracao.redenoticia.com.br\/noticia\/wp-json\/wp\/v2\/posts\/172710","targetHints":{"allow":["GET"]}}],"collection":[{"href":"https:\/\/migracao.redenoticia.com.br\/noticia\/wp-json\/wp\/v2\/posts"}],"about":[{"href":"https:\/\/migracao.redenoticia.com.br\/noticia\/wp-json\/wp\/v2\/types\/post"}],"author":[{"embeddable":true,"href":"https:\/\/migracao.redenoticia.com.br\/noticia\/wp-json\/wp\/v2\/users\/2"}],"replies":[{"embeddable":true,"href":"https:\/\/migracao.redenoticia.com.br\/noticia\/wp-json\/wp\/v2\/comments?post=172710"}],"version-history":[{"count":0,"href":"https:\/\/migracao.redenoticia.com.br\/noticia\/wp-json\/wp\/v2\/posts\/172710\/revisions"}],"wp:featuredmedia":[{"embeddable":true,"href":"https:\/\/migracao.redenoticia.com.br\/noticia\/wp-json\/wp\/v2\/media\/165213"}],"wp:attachment":[{"href":"https:\/\/migracao.redenoticia.com.br\/noticia\/wp-json\/wp\/v2\/media?parent=172710"}],"wp:term":[{"taxonomy":"category","embeddable":true,"href":"https:\/\/migracao.redenoticia.com.br\/noticia\/wp-json\/wp\/v2\/categories?post=172710"},{"taxonomy":"post_tag","embeddable":true,"href":"https:\/\/migracao.redenoticia.com.br\/noticia\/wp-json\/wp\/v2\/tags?post=172710"}],"curies":[{"name":"wp","href":"https:\/\/api.w.org\/{rel}","templated":true}]}}