{"id":172712,"date":"2019-03-21T22:17:17","date_gmt":"2019-03-22T01:17:17","guid":{"rendered":"https:\/\/www.redenoticia.com.br\/noticia\/?p=172712"},"modified":"2019-03-21T22:36:21","modified_gmt":"2019-03-22T01:36:21","slug":"novela-espelho-da-vida-otavio-morre-jurando-vinganca-a-gustavo","status":"publish","type":"post","link":"https:\/\/migracao.redenoticia.com.br\/noticia\/2019\/novela-espelho-da-vida-otavio-morre-jurando-vinganca-a-gustavo\/172712","title":{"rendered":"Novela \u201cEspelho da Vida\u201d: Ot\u00e1vio morre jurando vingan\u00e7a a Gustavo"},"content":{"rendered":"<p><strong><em><img loading=\"lazy\" decoding=\"async\" class=\"aligncenter size-large wp-image-150110\" src=\"https:\/\/migracao.redenoticia.com.br\/noticia\/imagens\/Espelho-da-Vida-novela-resumo-globo-400x229.jpg\" alt=\"\" width=\"400\" height=\"229\" srcset=\"https:\/\/migracao.redenoticia.com.br\/noticia\/imagens\/Espelho-da-Vida-novela-resumo-globo-400x229.jpg 400w, https:\/\/migracao.redenoticia.com.br\/noticia\/imagens\/Espelho-da-Vida-novela-resumo-globo-250x143.jpg 250w, https:\/\/migracao.redenoticia.com.br\/noticia\/imagens\/Espelho-da-Vida-novela-resumo-globo-150x86.jpg 150w, https:\/\/migracao.redenoticia.com.br\/noticia\/imagens\/Espelho-da-Vida-novela-resumo-globo.jpg 649w\" sizes=\"auto, (max-width: 400px) 100vw, 400px\" \/>Novela \u201cEspelho da Vida\u201d:<\/em><\/strong> Gustavo Bruno (Jo\u00e3o Vicente de Castro) consegue bloquear a conta de Ot\u00e1vio (Patrick Sampaio). Logo depois,&nbsp;Ot\u00e1vio flagra Dora (Alinne Moraes) beijando o vil\u00e3o. Gustavo debocha e diz que sabia que era s\u00f3 estalar os dedos que ela correria para os seus bra\u00e7os. Dora afirma que foi agarrada \u00e0 for\u00e7a e Ot\u00e1vio grita: &#8220;Sai daqui, vagabunda, antes que eu fa\u00e7a uma besteira&#8221;.<\/p>\n<p>Ot\u00e1vio questiona sobre sua conta e Gustavo admite: &#8220;Bloqueei. Para voc\u00ea n\u00e3o subornar guardas nem gastar nosso dinheiro tentando soltar aquele pintorzinho&#8221;. Ot\u00e1vio afirma que vai reaver seus bens e o vil\u00e3o o provoca: &#8220;Para casar com Dora? Essa mesma que vem aqui se deitar comigo?&#8221;.<\/p>\n<p>Ot\u00e1vio amea\u00e7a: &#8220;Eu te odeio, Gustavo.. Eu te mato&#8221;. Mas ele escorrega, bate a cabe\u00e7a e morre jurando vingan\u00e7a.&nbsp; Depois da morte de Ot\u00e1vio, Gustavo vai a Portugal para enterrar o irm\u00e3o. Dora se desespera e fala para Gra\u00e7a (Patricya Travassos): &#8220;Dizem que foi acidente, que bateu a cabe\u00e7a, mas eu sei que eles brigaram. Ele e Gustavo! O marqu\u00eas ficou muito machucado e Ot\u00e1vio est\u00e1 morto&#8221;.<\/p>\n<p>Dora descobre que \u00e9 irm\u00e3 de Julia (Vit\u00f3ria Strada), reata com Gustavo e eles planejam vingan\u00e7a contra a jovem. Cena prevista para 25 de mar\u00e7o na Novela \u201cEspelho da Vida\u201d.<\/p>\n<p>Sinopse Espelho da Vida\u201d: Cris Val\u00eancia (Vit\u00f3ria Strada) \u00e9 uma atriz de teatro, linda, estudiosa e filha de pais artistas. A jovem \u00e9 idealista e segura de seus objetivos. Sens\u00edvel, acredita em todos que se aproximam, valoriza o amor e vive um romance feliz ao lado de Alain (Jo\u00e3o Vicente de Castro). Incentivadora da carreira do namorado, ela apoia seus projetos e acredita que ele precisa investir na produ\u00e7\u00e3o de um filme rom\u00e2ntico. Em \u201cEspelho da Vida\u201d, Alain \u00e9 um diretor de TV e cinema bem-sucedido no Rio de Janeiro, muito reconhecido por sua arte.<\/p>\n","protected":false},"excerpt":{"rendered":"<p>Novela \u201cEspelho da Vida\u201d: Gustavo Bruno (Jo\u00e3o Vicente de Castro) consegue bloquear a conta de Ot\u00e1vio (Patrick Sampaio). Logo depois,&nbsp;Ot\u00e1vio flagra Dora (Alinne Moraes) beijando o vil\u00e3o. Gustavo debocha e diz que sabia que era s\u00f3 estalar os dedos que ela correria para os seus bra\u00e7os. Dora afirma que foi agarrada \u00e0 for\u00e7a e Ot\u00e1vio [&hellip;]<\/p>\n","protected":false},"author":2,"featured_media":161604,"comment_status":"open","ping_status":"closed","sticky":false,"template":"","format":"standard","meta":{"tdm_status":"","tdm_grid_status":"","footnotes":""},"categories":[527,379,375,343],"tags":[440],"class_list":{"0":"post-172712","1":"post","2":"type-post","3":"status-publish","4":"format-standard","5":"has-post-thumbnail","7":"category-espelho-da-vida","8":"category-novelas","9":"category-rede-globo","10":"category-televisao","11":"tag-noticia-novela"},"_links":{"self":[{"href":"https:\/\/migracao.redenoticia.com.br\/noticia\/wp-json\/wp\/v2\/posts\/172712","targetHints":{"allow":["GET"]}}],"collection":[{"href":"https:\/\/migracao.redenoticia.com.br\/noticia\/wp-json\/wp\/v2\/posts"}],"about":[{"href":"https:\/\/migracao.redenoticia.com.br\/noticia\/wp-json\/wp\/v2\/types\/post"}],"author":[{"embeddable":true,"href":"https:\/\/migracao.redenoticia.com.br\/noticia\/wp-json\/wp\/v2\/users\/2"}],"replies":[{"embeddable":true,"href":"https:\/\/migracao.redenoticia.com.br\/noticia\/wp-json\/wp\/v2\/comments?post=172712"}],"version-history":[{"count":0,"href":"https:\/\/migracao.redenoticia.com.br\/noticia\/wp-json\/wp\/v2\/posts\/172712\/revisions"}],"wp:featuredmedia":[{"embeddable":true,"href":"https:\/\/migracao.redenoticia.com.br\/noticia\/wp-json\/wp\/v2\/media\/161604"}],"wp:attachment":[{"href":"https:\/\/migracao.redenoticia.com.br\/noticia\/wp-json\/wp\/v2\/media?parent=172712"}],"wp:term":[{"taxonomy":"category","embeddable":true,"href":"https:\/\/migracao.redenoticia.com.br\/noticia\/wp-json\/wp\/v2\/categories?post=172712"},{"taxonomy":"post_tag","embeddable":true,"href":"https:\/\/migracao.redenoticia.com.br\/noticia\/wp-json\/wp\/v2\/tags?post=172712"}],"curies":[{"name":"wp","href":"https:\/\/api.w.org\/{rel}","templated":true}]}}