{"id":172718,"date":"2019-03-25T10:13:58","date_gmt":"2019-03-25T13:13:58","guid":{"rendered":"https:\/\/www.redenoticia.com.br\/noticia\/?p=172718"},"modified":"2019-03-25T11:21:43","modified_gmt":"2019-03-25T14:21:43","slug":"novela-espelho-da-vida-dora-decide-matar-julia-e-rouba-aliancas","status":"publish","type":"post","link":"https:\/\/migracao.redenoticia.com.br\/noticia\/2019\/novela-espelho-da-vida-dora-decide-matar-julia-e-rouba-aliancas\/172718","title":{"rendered":"Novela \u201cEspelho da Vida\u201d: Dora decide matar Julia e rouba alian\u00e7as"},"content":{"rendered":"<p><strong><em><img loading=\"lazy\" decoding=\"async\" class=\"aligncenter size-large wp-image-161599\" src=\"https:\/\/migracao.redenoticia.com.br\/noticia\/imagens\/espelho-da-vida-011-284x300.jpg\" alt=\"\" width=\"284\" height=\"300\" srcset=\"https:\/\/migracao.redenoticia.com.br\/noticia\/imagens\/espelho-da-vida-011-284x300.jpg 284w, https:\/\/migracao.redenoticia.com.br\/noticia\/imagens\/espelho-da-vida-011-177x187.jpg 177w, https:\/\/migracao.redenoticia.com.br\/noticia\/imagens\/espelho-da-vida-011-142x150.jpg 142w, https:\/\/migracao.redenoticia.com.br\/noticia\/imagens\/espelho-da-vida-011.jpg 471w\" sizes=\"auto, (max-width: 284px) 100vw, 284px\" \/>Novela \u201cEspelho da Vida\u201d:<\/em><\/strong> Eug\u00eanio (Felipe Camargo) descobre que Piedade (Julia Lemmertz) ajudou Maristela (Let\u00edcia Persiles) a fugir e a prende no quarto. Gra\u00e7a (Patricya Travassos) tenta defend\u00ea-la e o vil\u00e3o a despeja de sua casa com as filhas bastardas. Dora (Aline Moraes) reclama: &#8220;A senhora quis bancar a hero\u00edna. Agora nossa vida vai piorar mais ainda! Temos que deixar esta casa, m\u00e3e&#8221;,<\/p>\n<p>Gra\u00e7a explica: &#8220;N\u00e3o podia aceitar a barbaridade que ele est\u00e1 fazendo com a comadre&#8221;. Ela conta para Dora que a jovem tamb\u00e9m \u00e9 filha de Eug\u00eanio: &#8220;Filha, n\u00e3o \u00e9 justo. Eu jurei sobre a imagem da Virgem que jamais ia lhe contar. Mas agora voc\u00ea tem direito de se proteger e de lutar pelo que \u00e9 seu&#8221;.<\/p>\n<p>Ap\u00f3s descobrir que \u00e9 irm\u00e3 de Julia (Vit\u00f3ria Strada), Dora tira satisfa\u00e7\u00e3o com o coronel, \u00e9 humilhada e o enfrenta: &#8220;N\u00e3o tenho mais medo do senhor! N\u00e3o pode matar sua pr\u00f3pria filha! N\u00e3o \u00e9, coronel? Eu sou sua filha! Sua herdeira! E n\u00e3o perdoo nem minha m\u00e3e nem o senhor por terem me privado de uma vida melhor&#8221;. Ela rouba uma caixa com as alian\u00e7as de Julia e Danilo (Rafael Cardoso) e jura vingan\u00e7a.<\/p>\n<p>Dora encontra Gustavo Bruno (Jo\u00e3o Vicente de Castro), mostra as alian\u00e7as e fala que Julia deve morrer: &#8220;Como eu detesto essa criatura! C\u00ednica. Quero que ela sofra muito! Quero que ela morra&#8221;. Cena prevista para 27 de mar\u00e7o na Novela \u201cEspelho da Vida\u201d.<\/p>\n<p>Sinopse Espelho da Vida\u201d: Cris Val\u00eancia (Vit\u00f3ria Strada) \u00e9 uma atriz de teatro, linda, estudiosa e filha de pais artistas. A jovem \u00e9 idealista e segura de seus objetivos. Sens\u00edvel, acredita em todos que se aproximam, valoriza o amor e vive um romance feliz ao lado de Alain (Jo\u00e3o Vicente de Castro). Incentivadora da carreira do namorado, ela apoia seus projetos e acredita que ele precisa investir na produ\u00e7\u00e3o de um filme rom\u00e2ntico. Em \u201cEspelho da Vida\u201d, Alain \u00e9 um diretor de TV e cinema bem-sucedido no Rio de Janeiro, muito reconhecido por sua arte.<\/p>\n","protected":false},"excerpt":{"rendered":"<p>Novela \u201cEspelho da Vida\u201d: Eug\u00eanio (Felipe Camargo) descobre que Piedade (Julia Lemmertz) ajudou Maristela (Let\u00edcia Persiles) a fugir e a prende no quarto. Gra\u00e7a (Patricya Travassos) tenta defend\u00ea-la e o vil\u00e3o a despeja de sua casa com as filhas bastardas. Dora (Aline Moraes) reclama: &#8220;A senhora quis bancar a hero\u00edna. Agora nossa vida vai piorar [&hellip;]<\/p>\n","protected":false},"author":2,"featured_media":153379,"comment_status":"open","ping_status":"closed","sticky":false,"template":"","format":"standard","meta":{"tdm_status":"","tdm_grid_status":"","footnotes":""},"categories":[388,527,379,375,343],"tags":[440],"class_list":{"0":"post-172718","1":"post","2":"type-post","3":"status-publish","4":"format-standard","5":"has-post-thumbnail","7":"category-destaques","8":"category-espelho-da-vida","9":"category-novelas","10":"category-rede-globo","11":"category-televisao","12":"tag-noticia-novela"},"_links":{"self":[{"href":"https:\/\/migracao.redenoticia.com.br\/noticia\/wp-json\/wp\/v2\/posts\/172718","targetHints":{"allow":["GET"]}}],"collection":[{"href":"https:\/\/migracao.redenoticia.com.br\/noticia\/wp-json\/wp\/v2\/posts"}],"about":[{"href":"https:\/\/migracao.redenoticia.com.br\/noticia\/wp-json\/wp\/v2\/types\/post"}],"author":[{"embeddable":true,"href":"https:\/\/migracao.redenoticia.com.br\/noticia\/wp-json\/wp\/v2\/users\/2"}],"replies":[{"embeddable":true,"href":"https:\/\/migracao.redenoticia.com.br\/noticia\/wp-json\/wp\/v2\/comments?post=172718"}],"version-history":[{"count":0,"href":"https:\/\/migracao.redenoticia.com.br\/noticia\/wp-json\/wp\/v2\/posts\/172718\/revisions"}],"wp:featuredmedia":[{"embeddable":true,"href":"https:\/\/migracao.redenoticia.com.br\/noticia\/wp-json\/wp\/v2\/media\/153379"}],"wp:attachment":[{"href":"https:\/\/migracao.redenoticia.com.br\/noticia\/wp-json\/wp\/v2\/media?parent=172718"}],"wp:term":[{"taxonomy":"category","embeddable":true,"href":"https:\/\/migracao.redenoticia.com.br\/noticia\/wp-json\/wp\/v2\/categories?post=172718"},{"taxonomy":"post_tag","embeddable":true,"href":"https:\/\/migracao.redenoticia.com.br\/noticia\/wp-json\/wp\/v2\/tags?post=172718"}],"curies":[{"name":"wp","href":"https:\/\/api.w.org\/{rel}","templated":true}]}}