{"id":172725,"date":"2019-04-02T21:27:34","date_gmt":"2019-04-03T00:27:34","guid":{"rendered":"https:\/\/www.redenoticia.com.br\/noticia\/?p=172725"},"modified":"2019-04-02T21:27:35","modified_gmt":"2019-04-03T00:27:35","slug":"novela-o-setimo-guardiao-junior-salva-a-vida-de-gabriel","status":"publish","type":"post","link":"https:\/\/migracao.redenoticia.com.br\/noticia\/2019\/novela-o-setimo-guardiao-junior-salva-a-vida-de-gabriel\/172725","title":{"rendered":"Novela \u201cO S\u00e9timo Guardi\u00e3o\u201d: J\u00fanior salva a vida de Gabriel"},"content":{"rendered":"<p><strong><em><img loading=\"lazy\" decoding=\"async\" class=\"aligncenter size-large wp-image-154961\" src=\"https:\/\/migracao.redenoticia.com.br\/noticia\/imagens\/o-setimo-guardiao-1-396x300.jpg\" alt=\"\" width=\"396\" height=\"300\" srcset=\"https:\/\/migracao.redenoticia.com.br\/noticia\/imagens\/o-setimo-guardiao-1-396x300.jpg 396w, https:\/\/migracao.redenoticia.com.br\/noticia\/imagens\/o-setimo-guardiao-1-247x187.jpg 247w, https:\/\/migracao.redenoticia.com.br\/noticia\/imagens\/o-setimo-guardiao-1-150x114.jpg 150w, https:\/\/migracao.redenoticia.com.br\/noticia\/imagens\/o-setimo-guardiao-1-534x405.jpg 534w, https:\/\/migracao.redenoticia.com.br\/noticia\/imagens\/o-setimo-guardiao-1.jpg 535w\" sizes=\"auto, (max-width: 396px) 100vw, 396px\" \/>Novela &#8220;O S\u00e9timo Guardi\u00e3o\u201d:<\/em><\/strong> Sampaio (Marcello Novaes) explode o cano de \u00e1gua que abastece a cidade e o prefeito manda a popula\u00e7\u00e3o buscar a \u00e1gua da fonte secreta. Durante a confus\u00e3o,&nbsp; Laura (Yanna Lavigne) manda Sampaio atirar em Gabriel (Bruno Gagliasso). O guardi\u00e3o \u00e9 operado, mas permanece em coma.<\/p>\n<p>Sampaio se disfar\u00e7a de m\u00e9dico para injetar uma subst\u00e2ncia letal no corpo de Gabriel. Enquanto isso, J\u00fanior (Jos\u00e9 Loreto) e Luz (Marina Ruy Barbosa) chegam no hospital. Eles encontram o vil\u00e3o, desconfiam e J\u00fanior finge que est\u00e1 dormindo, no banco da UTI. Sampaio prepara um medicamento, mas n\u00e3o encontra Gabriel e foge da sala.<\/p>\n<p>J\u00fanior sorri e Luz comemora: &#8220;Voce? teve uma ideia de ge?nio, Ju?nior! Ainda bem que a gente trocou Gabriel de quarto &#8230; Sampaio veio acabar o que comec?ou! Foi ele quem atirou em Gabriel. So? pode. E voltou, de manha? e agora, pra terminar o servic?o&#8221;. Cena prevista para 08 de abril na Novela \u201cO S\u00e9timo Guardi\u00e3o\u201d.<\/p>\n<p>Sinopse \u201cO S\u00e9timo Guardi\u00e3o\u201d: \u00c0 primeira vista, Serro Azul pode parecer apenas mais uma t\u00edpica cidade do interior, pacata e cercada por montanhas, onde avan\u00e7os tecnol\u00f3gicos como internet e telefonia celular ainda n\u00e3o chegaram. Um lugar pelo qual quem passa n\u00e3o d\u00e1 muita aten\u00e7\u00e3o, sem saber o que est\u00e1 perdendo, afinal, uma cidade que \u00e9 vizinha de Greenville e Tubiancanga n\u00e3o poderia deixar de ter suas peculiaridades.<\/p>\n<p>A principal delas \u00e9 uma fonte com propriedades curativas e rejuvenescedoras, que \u00e9 a parte mais externa de um gigantesco aqu\u00edfero, uma enorme reserva daquilo que a cada dia se torna o bem mais precioso da Terra: a \u00e1gua. Essa fonte \u00e9 protegida por sete guardi\u00e3es que t\u00eam como miss\u00e3o garantir que essa riqueza n\u00e3o chegue \u00e0s m\u00e3os erradas.<\/p>\n","protected":false},"excerpt":{"rendered":"<p>Novela &#8220;O S\u00e9timo Guardi\u00e3o\u201d: Sampaio (Marcello Novaes) explode o cano de \u00e1gua que abastece a cidade e o prefeito manda a popula\u00e7\u00e3o buscar a \u00e1gua da fonte secreta. Durante a confus\u00e3o,&nbsp; Laura (Yanna Lavigne) manda Sampaio atirar em Gabriel (Bruno Gagliasso). O guardi\u00e3o \u00e9 operado, mas permanece em coma. Sampaio se disfar\u00e7a de m\u00e9dico para [&hellip;]<\/p>\n","protected":false},"author":2,"featured_media":159067,"comment_status":"open","ping_status":"closed","sticky":false,"template":"","format":"standard","meta":{"tdm_status":"","tdm_grid_status":"","footnotes":""},"categories":[388,379,530,375,343],"tags":[440],"class_list":{"0":"post-172725","1":"post","2":"type-post","3":"status-publish","4":"format-standard","5":"has-post-thumbnail","7":"category-destaques","8":"category-novelas","9":"category-o-setimo-guardiao","10":"category-rede-globo","11":"category-televisao","12":"tag-noticia-novela"},"_links":{"self":[{"href":"https:\/\/migracao.redenoticia.com.br\/noticia\/wp-json\/wp\/v2\/posts\/172725","targetHints":{"allow":["GET"]}}],"collection":[{"href":"https:\/\/migracao.redenoticia.com.br\/noticia\/wp-json\/wp\/v2\/posts"}],"about":[{"href":"https:\/\/migracao.redenoticia.com.br\/noticia\/wp-json\/wp\/v2\/types\/post"}],"author":[{"embeddable":true,"href":"https:\/\/migracao.redenoticia.com.br\/noticia\/wp-json\/wp\/v2\/users\/2"}],"replies":[{"embeddable":true,"href":"https:\/\/migracao.redenoticia.com.br\/noticia\/wp-json\/wp\/v2\/comments?post=172725"}],"version-history":[{"count":0,"href":"https:\/\/migracao.redenoticia.com.br\/noticia\/wp-json\/wp\/v2\/posts\/172725\/revisions"}],"wp:featuredmedia":[{"embeddable":true,"href":"https:\/\/migracao.redenoticia.com.br\/noticia\/wp-json\/wp\/v2\/media\/159067"}],"wp:attachment":[{"href":"https:\/\/migracao.redenoticia.com.br\/noticia\/wp-json\/wp\/v2\/media?parent=172725"}],"wp:term":[{"taxonomy":"category","embeddable":true,"href":"https:\/\/migracao.redenoticia.com.br\/noticia\/wp-json\/wp\/v2\/categories?post=172725"},{"taxonomy":"post_tag","embeddable":true,"href":"https:\/\/migracao.redenoticia.com.br\/noticia\/wp-json\/wp\/v2\/tags?post=172725"}],"curies":[{"name":"wp","href":"https:\/\/api.w.org\/{rel}","templated":true}]}}