{"id":172748,"date":"2019-03-26T21:54:55","date_gmt":"2019-03-27T00:54:55","guid":{"rendered":"https:\/\/www.redenoticia.com.br\/noticia\/?p=172748"},"modified":"2019-03-29T18:34:50","modified_gmt":"2019-03-29T21:34:50","slug":"novela-espelho-da-vida-veja-quem-matou-julia-castelo","status":"publish","type":"post","link":"https:\/\/migracao.redenoticia.com.br\/noticia\/2019\/novela-espelho-da-vida-veja-quem-matou-julia-castelo\/172748","title":{"rendered":"Novela \u201cEspelho da Vida\u201d: veja quem matou Julia Castelo"},"content":{"rendered":"<p><strong><em><img loading=\"lazy\" decoding=\"async\" class=\"aligncenter size-large wp-image-150110\" src=\"https:\/\/migracao.redenoticia.com.br\/noticia\/imagens\/Espelho-da-Vida-novela-resumo-globo-400x229.jpg\" alt=\"\" width=\"400\" height=\"229\" srcset=\"https:\/\/migracao.redenoticia.com.br\/noticia\/imagens\/Espelho-da-Vida-novela-resumo-globo-400x229.jpg 400w, https:\/\/migracao.redenoticia.com.br\/noticia\/imagens\/Espelho-da-Vida-novela-resumo-globo-250x143.jpg 250w, https:\/\/migracao.redenoticia.com.br\/noticia\/imagens\/Espelho-da-Vida-novela-resumo-globo-150x86.jpg 150w, https:\/\/migracao.redenoticia.com.br\/noticia\/imagens\/Espelho-da-Vida-novela-resumo-globo.jpg 649w\" sizes=\"auto, (max-width: 400px) 100vw, 400px\" \/>Novela \u201cEspelho da Vida\u201d:<\/em><\/strong> Julia\/Cris (Vit\u00f3ria Strada) \u00e9 sequestrada logo ap\u00f3s o parto, volta para a mans\u00e3o e tenta fugir com Danilo (Rafael Cardoso). Ela deixa uma carta para sua m\u00e3e (aquela que Alain encontrou e confirmou que J\u00falia teve um filho). Os dois s\u00e3o impedidos de fugir por Gustavo Bruno (Jo\u00e3o Vicente de Castro). Ela entra na frente de Danilo na hora em que Eug\u00eanio (Felipe Camargo) dispara contra o seu amado. Eug\u00eanio conta para o inspetor de pol\u00edcia que Danilo cometeu o crime.<\/p>\n<p>Sinopse Espelho da Vida\u201d: Cris Val\u00eancia (Vit\u00f3ria Strada) \u00e9 uma atriz de teatro, linda, estudiosa e filha de pais artistas. A jovem \u00e9 idealista e segura de seus objetivos. Sens\u00edvel, acredita em todos que se aproximam, valoriza o amor e vive um romance feliz ao lado de Alain (Jo\u00e3o Vicente de Castro). Incentivadora da carreira do namorado, ela apoia seus projetos e acredita que ele precisa investir na produ\u00e7\u00e3o de um filme rom\u00e2ntico. Em \u201cEspelho da Vida\u201d, Alain \u00e9 um diretor de TV e cinema bem-sucedido no Rio de Janeiro, muito reconhecido por sua arte.<\/p>\n","protected":false},"excerpt":{"rendered":"<p>Novela \u201cEspelho da Vida\u201d: Julia\/Cris (Vit\u00f3ria Strada) \u00e9 sequestrada logo ap\u00f3s o parto, volta para a mans\u00e3o e tenta fugir com Danilo (Rafael Cardoso). Ela deixa uma carta para sua m\u00e3e (aquela que Alain encontrou e confirmou que J\u00falia teve um filho). Os dois s\u00e3o impedidos de fugir por Gustavo Bruno (Jo\u00e3o Vicente de Castro). [&hellip;]<\/p>\n","protected":false},"author":2,"featured_media":161599,"comment_status":"open","ping_status":"closed","sticky":false,"template":"","format":"standard","meta":{"tdm_status":"","tdm_grid_status":"","footnotes":""},"categories":[388,527,379,375,343],"tags":[440],"class_list":{"0":"post-172748","1":"post","2":"type-post","3":"status-publish","4":"format-standard","5":"has-post-thumbnail","7":"category-destaques","8":"category-espelho-da-vida","9":"category-novelas","10":"category-rede-globo","11":"category-televisao","12":"tag-noticia-novela"},"_links":{"self":[{"href":"https:\/\/migracao.redenoticia.com.br\/noticia\/wp-json\/wp\/v2\/posts\/172748","targetHints":{"allow":["GET"]}}],"collection":[{"href":"https:\/\/migracao.redenoticia.com.br\/noticia\/wp-json\/wp\/v2\/posts"}],"about":[{"href":"https:\/\/migracao.redenoticia.com.br\/noticia\/wp-json\/wp\/v2\/types\/post"}],"author":[{"embeddable":true,"href":"https:\/\/migracao.redenoticia.com.br\/noticia\/wp-json\/wp\/v2\/users\/2"}],"replies":[{"embeddable":true,"href":"https:\/\/migracao.redenoticia.com.br\/noticia\/wp-json\/wp\/v2\/comments?post=172748"}],"version-history":[{"count":0,"href":"https:\/\/migracao.redenoticia.com.br\/noticia\/wp-json\/wp\/v2\/posts\/172748\/revisions"}],"wp:featuredmedia":[{"embeddable":true,"href":"https:\/\/migracao.redenoticia.com.br\/noticia\/wp-json\/wp\/v2\/media\/161599"}],"wp:attachment":[{"href":"https:\/\/migracao.redenoticia.com.br\/noticia\/wp-json\/wp\/v2\/media?parent=172748"}],"wp:term":[{"taxonomy":"category","embeddable":true,"href":"https:\/\/migracao.redenoticia.com.br\/noticia\/wp-json\/wp\/v2\/categories?post=172748"},{"taxonomy":"post_tag","embeddable":true,"href":"https:\/\/migracao.redenoticia.com.br\/noticia\/wp-json\/wp\/v2\/tags?post=172748"}],"curies":[{"name":"wp","href":"https:\/\/api.w.org\/{rel}","templated":true}]}}