{"id":172767,"date":"2019-03-21T08:26:35","date_gmt":"2019-03-21T11:26:35","guid":{"rendered":"https:\/\/www.redenoticia.com.br\/noticia\/?p=172767"},"modified":"2019-03-22T21:07:49","modified_gmt":"2019-03-23T00:07:49","slug":"novela-a-terra-prometida-resumo-22-03-samara-diz-que-acabara-com-a-felicidade-de-aruna","status":"publish","type":"post","link":"https:\/\/migracao.redenoticia.com.br\/noticia\/2019\/novela-a-terra-prometida-resumo-22-03-samara-diz-que-acabara-com-a-felicidade-de-aruna\/172767","title":{"rendered":"Novela \u201cA Terra Prometida\u201d resumo 22\/03: Samara diz que acabar\u00e1 com a felicidade de Aruna"},"content":{"rendered":"<p><em><strong><img loading=\"lazy\" decoding=\"async\" class=\"aligncenter size-large wp-image-149873\" src=\"https:\/\/migracao.redenoticia.com.br\/noticia\/imagens\/a-terra-prometida-14-400x229.jpg\" alt=\"\" width=\"400\" height=\"229\" srcset=\"https:\/\/migracao.redenoticia.com.br\/noticia\/imagens\/a-terra-prometida-14-400x229.jpg 400w, https:\/\/migracao.redenoticia.com.br\/noticia\/imagens\/a-terra-prometida-14-250x143.jpg 250w, https:\/\/migracao.redenoticia.com.br\/noticia\/imagens\/a-terra-prometida-14-696x398.jpg 696w, https:\/\/migracao.redenoticia.com.br\/noticia\/imagens\/a-terra-prometida-14-150x86.jpg 150w, https:\/\/migracao.redenoticia.com.br\/noticia\/imagens\/a-terra-prometida-14.jpg 700w\" sizes=\"auto, (max-width: 400px) 100vw, 400px\" \/>Novela \u201cA Terra Prometida\u201d resumo 22\/03<\/strong><\/em>: no capitulo 171 (*) da novela, sexta-feira, 22 de mar\u00e7o, Raabe diz que Mara pode ser a culpada pelo ataque do leproso. Samara diz que acabar\u00e1 com a felicidade de Aruna. \u00darsula que n\u00e3o confia no rei Zareg. Disfar\u00e7ados, Zareg, Racal e Bogotai fingem gostar da companhia dos hebreus. Adonizedeque pede para Mireu refazer o caminho de Zareg. Ula diz n\u00e3o saber do paradeiro dos nobres. L\u00e9ia se desespera ao ter um pesadelo. Quemuel a ampara e se declara para a esposa. Aruna agradece pelos conselhos de Yana. Eleazar fala sobre Fin\u00e9ias com Bogotai. Samara conversa com Tobias e diz que \u00e9 preciso acabar com Yana.<\/p>\n<p>Adonizedeque recebe Ho\u00e3o, rei de Hebrom, e Jafi\u00e1, monarca de Laquis. Eles planejam dizimar o povo hebreu. Zareg se finge de bom mo\u00e7o e agradece a hospitalidade de Josu\u00e9. Racal d\u00e1 em cima de Mara. Adonizedeque, Ho\u00e3o e Jafi\u00e1 entram em um acordo e comemoram a alian\u00e7a. Elias mostra interesse em L\u00e1is. L\u00e9ia aconselha Samara a esquecer Aruna. Em conversa com Abul, Adonizedeque diz que acabar\u00e1 com o Ex\u00e9rcito de Israel.<\/p>\n<p>(*) edi\u00e7\u00e3o da Rede Record, Novela \u201cA Terra Prometida\u201d, sujeito a altera\u00e7\u00e3o de data e conte\u00fado.<\/p>\n<p>\u201cA Terra Prometida\u201d &#8211; Ap\u00f3s a morte de Mois\u00e9s, Josu\u00e9 \u00e9 o novo l\u00edder dos hebreus. Ele \u00e9 um guerreiro experiente, dotado de coragem, determina\u00e7\u00e3o e de uma f\u00e9 poderosa. Mas n\u00e3o \u00e9 tarefa f\u00e1cil conduzir um povo ao seu destino! Com seus aliados mais pr\u00f3ximos e de confian\u00e7a, o sacerdote levita Eleazar e o l\u00edder da tribo Jud\u00e1 Calebe, Josu\u00e9 tem que cumprir uma dif\u00edcil miss\u00e3o ordenada por Deus: comandar as doze tribos de Israel na conquista de Cana\u00e3, \u201cA Terra Prometida\u201d.<\/p>\n","protected":false},"excerpt":{"rendered":"<p>Novela \u201cA Terra Prometida\u201d resumo 22\/03: no capitulo 171 (*) da novela, sexta-feira, 22 de mar\u00e7o, Raabe diz que Mara pode ser a culpada pelo ataque do leproso. Samara diz que acabar\u00e1 com a felicidade de Aruna. \u00darsula que n\u00e3o confia no rei Zareg. Disfar\u00e7ados, Zareg, Racal e Bogotai fingem gostar da companhia dos hebreus. [&hellip;]<\/p>\n","protected":false},"author":2,"featured_media":148656,"comment_status":"open","ping_status":"closed","sticky":false,"template":"","format":"standard","meta":{"tdm_status":"","tdm_grid_status":"","footnotes":""},"categories":[446,379,371,343],"tags":[441],"class_list":{"0":"post-172767","1":"post","2":"type-post","3":"status-publish","4":"format-standard","5":"has-post-thumbnail","7":"category-a-terra-prometida","8":"category-novelas","9":"category-rede-record","10":"category-televisao","11":"tag-resumo-do-dia"},"_links":{"self":[{"href":"https:\/\/migracao.redenoticia.com.br\/noticia\/wp-json\/wp\/v2\/posts\/172767","targetHints":{"allow":["GET"]}}],"collection":[{"href":"https:\/\/migracao.redenoticia.com.br\/noticia\/wp-json\/wp\/v2\/posts"}],"about":[{"href":"https:\/\/migracao.redenoticia.com.br\/noticia\/wp-json\/wp\/v2\/types\/post"}],"author":[{"embeddable":true,"href":"https:\/\/migracao.redenoticia.com.br\/noticia\/wp-json\/wp\/v2\/users\/2"}],"replies":[{"embeddable":true,"href":"https:\/\/migracao.redenoticia.com.br\/noticia\/wp-json\/wp\/v2\/comments?post=172767"}],"version-history":[{"count":0,"href":"https:\/\/migracao.redenoticia.com.br\/noticia\/wp-json\/wp\/v2\/posts\/172767\/revisions"}],"wp:featuredmedia":[{"embeddable":true,"href":"https:\/\/migracao.redenoticia.com.br\/noticia\/wp-json\/wp\/v2\/media\/148656"}],"wp:attachment":[{"href":"https:\/\/migracao.redenoticia.com.br\/noticia\/wp-json\/wp\/v2\/media?parent=172767"}],"wp:term":[{"taxonomy":"category","embeddable":true,"href":"https:\/\/migracao.redenoticia.com.br\/noticia\/wp-json\/wp\/v2\/categories?post=172767"},{"taxonomy":"post_tag","embeddable":true,"href":"https:\/\/migracao.redenoticia.com.br\/noticia\/wp-json\/wp\/v2\/tags?post=172767"}],"curies":[{"name":"wp","href":"https:\/\/api.w.org\/{rel}","templated":true}]}}