{"id":1728,"date":"2009-05-18T11:59:26","date_gmt":"2009-05-18T15:59:26","guid":{"rendered":"http:\/\/www.redenoticia.com.br\/noticia\/?p=1728"},"modified":"2009-05-18T12:01:47","modified_gmt":"2009-05-18T16:01:47","slug":"diminui-caos-de-dengue-em-ji-parana","status":"publish","type":"post","link":"https:\/\/migracao.redenoticia.com.br\/noticia\/2009\/diminui-caos-de-dengue-em-ji-parana\/1728","title":{"rendered":"Diminui casos de dengue em Ji-Paran\u00e1"},"content":{"rendered":"<p align=\"justify\"><span style=\"font-family: Calibri; font-size: small;\">Estamos chegando ao final do per\u00edodo chuvoso e Ji-Paran\u00e1 conseguiu fazer a li\u00e7\u00e3o de casa no combate ao mosquito transmissor da dengue. No \u00faltimo ano, o munic\u00edpio teve um registro de 6,7% de infesta\u00e7\u00e3o predial do mosquito, e este ano o \u00edndice de infesta\u00e7\u00e3o est\u00e1 em 1,05%, considerado baixo pelo Minist\u00e9rio da Sa\u00fade. Este resultado foi alcan\u00e7ado gra\u00e7as ao trabalho realizado pela Prefeitura Municipal atrav\u00e9s da Secret\u00e1ria Municipal de Sa\u00fade (SEMUSA) e servidores da Funda\u00e7\u00e3o Nacional da Sa\u00fade (FUNASA).<\/span><\/p>\n<p align=\"justify\"><span style=\"font-family: Calibri; font-size: small;\">De acordo com L\u00facia Borba Correia Soares, t\u00e9cnica respons\u00e1vel pelo Departamento de Vigil\u00e2ncia em Sa\u00fade da SEMUSA, foram intensificados os servi\u00e7os de notifica\u00e7\u00e3o, investiga\u00e7\u00e3o dos casos e bloqueio das \u00e1reas com uso do UBV (Ultra Baixo Volume- Fumac\u00ea)<\/span><\/p>\n<p align=\"justify\"><span style=\"font-family: Calibri; font-size: small;\">\u201cEm 2009 intensificamos as a\u00e7\u00f5es de combate ao vetor, no tocante ao recolhimento de lixo, de pneus, mobiliza\u00e7\u00e3o social, participa\u00e7\u00e3o comunit\u00e1ria, treinamento de agentes comunit\u00e1rios de sa\u00fade, treinamento de m\u00e9dicos sobre o manejo cl\u00ednico dos pacientes, visitas \u00e0 popula\u00e7\u00e3o ribeirinha v\u00edtimas de enchentes e utiliza\u00e7\u00e3o do fumac\u00ea. A\u00e7\u00f5es estas que nos deixam no momento em uma situa\u00e7\u00e3o de baixo risco\u201d, explicou.<\/span><\/p>\n<p align=\"justify\"><span style=\"font-family: Calibri; font-size: small;\">Cinq\u00fcenta e dois servidores da Funda\u00e7\u00e3o Nacional de Sa\u00fade (FUNASA) estiveram presentes em todos aos bairros da cidade, conscientizando a popula\u00e7\u00e3o sobre os perigos da dengue, e fazendo a elimina\u00e7\u00e3o de focos e o tratamento de \u00e1gua parada. Foram recolhidos mais de 60 mil pneus, somente e Ji-Paran\u00e1, trabalho realizado nas borracharias e oficinas da cidade. Foram coletados materiais inserv\u00edveis nos quintais que poderiam acumular \u00e1gua, realizado tamb\u00e9m o servi\u00e7o do fumac\u00ea em todos os bairros do munic\u00edpio, al\u00e9m de palestras nas escolas, onde os alunos receberam panfletos explicativos de como ajudar a combater o mosquito Aedes aegypti.\u00a0\u00a0 \u00a0<\/span><\/p>\n<p align=\"justify\"><span style=\"font-family: Calibri; font-size: small;\">De acordo com Ivo da Silva, diretor da Divis\u00e3o de Controle de Vetores da FUNASA, os bairros mais atingidos foram: Nova Bras\u00edlia, Primavera, Riachuelo e Jardim dos Migrantes. Para o diretor a situa\u00e7\u00e3o est\u00e1 controlada, porem \u00e9 necess\u00e1rio a aten\u00e7\u00e3o da popula\u00e7\u00e3o em geral, para que possa garantir a aus\u00eancia da doen\u00e7a.<\/span><\/p>\n","protected":false},"excerpt":{"rendered":"<p>Estamos chegando ao final do per\u00edodo chuvoso e Ji-Paran\u00e1 conseguiu fazer a li\u00e7\u00e3o de casa no combate ao mosquito transmissor da dengue. No \u00faltimo ano, o munic\u00edpio teve um registro de 6,7% de infesta\u00e7\u00e3o predial do mosquito, e este ano o \u00edndice de infesta\u00e7\u00e3o est\u00e1 em 1,05%, considerado baixo pelo Minist\u00e9rio da Sa\u00fade. Este resultado [&hellip;]<\/p>\n","protected":false},"author":2,"featured_media":0,"comment_status":"open","ping_status":"open","sticky":false,"template":"","format":"standard","meta":{"tdm_status":"","tdm_grid_status":"","footnotes":""},"categories":[5],"tags":[],"class_list":{"0":"post-1728","1":"post","2":"type-post","3":"status-publish","4":"format-standard","6":"category-saude-e-vida"},"_links":{"self":[{"href":"https:\/\/migracao.redenoticia.com.br\/noticia\/wp-json\/wp\/v2\/posts\/1728","targetHints":{"allow":["GET"]}}],"collection":[{"href":"https:\/\/migracao.redenoticia.com.br\/noticia\/wp-json\/wp\/v2\/posts"}],"about":[{"href":"https:\/\/migracao.redenoticia.com.br\/noticia\/wp-json\/wp\/v2\/types\/post"}],"author":[{"embeddable":true,"href":"https:\/\/migracao.redenoticia.com.br\/noticia\/wp-json\/wp\/v2\/users\/2"}],"replies":[{"embeddable":true,"href":"https:\/\/migracao.redenoticia.com.br\/noticia\/wp-json\/wp\/v2\/comments?post=1728"}],"version-history":[{"count":0,"href":"https:\/\/migracao.redenoticia.com.br\/noticia\/wp-json\/wp\/v2\/posts\/1728\/revisions"}],"wp:attachment":[{"href":"https:\/\/migracao.redenoticia.com.br\/noticia\/wp-json\/wp\/v2\/media?parent=1728"}],"wp:term":[{"taxonomy":"category","embeddable":true,"href":"https:\/\/migracao.redenoticia.com.br\/noticia\/wp-json\/wp\/v2\/categories?post=1728"},{"taxonomy":"post_tag","embeddable":true,"href":"https:\/\/migracao.redenoticia.com.br\/noticia\/wp-json\/wp\/v2\/tags?post=1728"}],"curies":[{"name":"wp","href":"https:\/\/api.w.org\/{rel}","templated":true}]}}