{"id":17303,"date":"2009-11-13T21:45:40","date_gmt":"2009-11-14T01:45:40","guid":{"rendered":"http:\/\/www.redenoticia.com.br\/noticia\/?p=17303"},"modified":"2009-11-13T21:45:40","modified_gmt":"2009-11-14T01:45:40","slug":"fernanda-young-conta-tudo-sobre-os-bastidores-do-ensaio-no-amaury-jr","status":"publish","type":"post","link":"https:\/\/migracao.redenoticia.com.br\/noticia\/2009\/fernanda-young-conta-tudo-sobre-os-bastidores-do-ensaio-no-amaury-jr\/17303","title":{"rendered":"Fernanda Young conta tudo sobre os bastidores do ensaio no Amaury Jr."},"content":{"rendered":"<p>O Programa Amaury Jr. desta sexta-feira, dia 13 de novembro, mostra o que muitos homens e mulheres est\u00e3o loucos para conferir: uma entrevista imperd\u00edvel com apresentadora e escritora Fernanda Young, que traz os bastidores do ensaio para a revista Playboy. Despida de qualquer pudor, Fernanda conta para Amaury Jr. que j\u00e1 se arrependeu de ter posado nua. Prefere ter com o que se arrepender e viver uma experi\u00eancia in\u00e9dita do que n\u00e3o ter feito, completa Fernanda. Al\u00e9m disso, garante que s\u00f3 fez porque queria muito representar uma est\u00e9tica no ensaio nu que h\u00e1 muito tempo n\u00e3o se via nas revistas masculinas e que o desejo de posar \u00e9 de ordem pol\u00edtica e ideol\u00f3gica, para mostrar que a mulher tem liberdade para fazer o que quiser, sem ser condenada por isso. &#8220;Mesmo porque o dinheiro n\u00e3o vai pagar a dor de cabe\u00e7a que estou tendo&#8221;, brinca a apresentadora.<\/p>\n<p>Quando questionada por Amaury Jr. sobre as fotos sensuais que est\u00e3o mexendo com a libido de muitos homens, Fernanda revela &#8220;Lidar com a libido masculina \u00e9 um instinto de sobreviv\u00eancia para a mulher. N\u00f3s sabemos muito bem lutar por um naco de carne, seduzindo ao mesmo tempo!&#8221;. Sem o menor estilo blas\u00e9, ela conta que em seus livros ela se exp\u00f5e muito mais do que com as fotos e que apesar de estar \u00e0 vontade com o ensaio, as poses s\u00e3o muito estranhas e chegam at\u00e9 a ser rid\u00edculas diante do fato que se fica muito tempo em cada uma delas para ter a imagem perfeita. Os cr\u00e9ditos de make up e foto, ela d\u00e1 a Duda Molinos e a Bob Wolfenson.<\/p>\n<p>Isso e muito mais no Programa Amaury Jr., que vai ao ar de ter\u00e7a a sexta-feira, a partir da meia-noite, pela Rede TV!. O &#8220;Amaury Jr. Show&#8221; vai ao ar todos os s\u00e1bados, a partir das 22h, pela Rede TV!.<\/p>\n","protected":false},"excerpt":{"rendered":"<p>O Programa Amaury Jr. desta sexta-feira, dia 13 de novembro, mostra o que muitos homens e mulheres est\u00e3o loucos para conferir: uma entrevista imperd\u00edvel com apresentadora e escritora Fernanda Young, que traz os bastidores do ensaio para a revista Playboy. Despida de qualquer pudor, Fernanda conta para Amaury Jr. que j\u00e1 se arrependeu de ter [&hellip;]<\/p>\n","protected":false},"author":3,"featured_media":0,"comment_status":"open","ping_status":"open","sticky":false,"template":"","format":"standard","meta":{"tdm_status":"","tdm_grid_status":"","footnotes":""},"categories":[343],"tags":[],"class_list":{"0":"post-17303","1":"post","2":"type-post","3":"status-publish","4":"format-standard","6":"category-televisao"},"_links":{"self":[{"href":"https:\/\/migracao.redenoticia.com.br\/noticia\/wp-json\/wp\/v2\/posts\/17303","targetHints":{"allow":["GET"]}}],"collection":[{"href":"https:\/\/migracao.redenoticia.com.br\/noticia\/wp-json\/wp\/v2\/posts"}],"about":[{"href":"https:\/\/migracao.redenoticia.com.br\/noticia\/wp-json\/wp\/v2\/types\/post"}],"author":[{"embeddable":true,"href":"https:\/\/migracao.redenoticia.com.br\/noticia\/wp-json\/wp\/v2\/users\/3"}],"replies":[{"embeddable":true,"href":"https:\/\/migracao.redenoticia.com.br\/noticia\/wp-json\/wp\/v2\/comments?post=17303"}],"version-history":[{"count":0,"href":"https:\/\/migracao.redenoticia.com.br\/noticia\/wp-json\/wp\/v2\/posts\/17303\/revisions"}],"wp:attachment":[{"href":"https:\/\/migracao.redenoticia.com.br\/noticia\/wp-json\/wp\/v2\/media?parent=17303"}],"wp:term":[{"taxonomy":"category","embeddable":true,"href":"https:\/\/migracao.redenoticia.com.br\/noticia\/wp-json\/wp\/v2\/categories?post=17303"},{"taxonomy":"post_tag","embeddable":true,"href":"https:\/\/migracao.redenoticia.com.br\/noticia\/wp-json\/wp\/v2\/tags?post=17303"}],"curies":[{"name":"wp","href":"https:\/\/api.w.org\/{rel}","templated":true}]}}