{"id":173100,"date":"2019-03-25T16:25:11","date_gmt":"2019-03-25T19:25:11","guid":{"rendered":"https:\/\/www.redenoticia.com.br\/noticia\/?p=173100"},"modified":"2019-03-25T16:25:15","modified_gmt":"2019-03-25T19:25:15","slug":"resumo-novela-as-aventuras-de-poliana-26-03-pendleton-pega-as-informacoes-sobre-ele-na-casa-de-maquinas","status":"publish","type":"post","link":"https:\/\/migracao.redenoticia.com.br\/noticia\/2019\/resumo-novela-as-aventuras-de-poliana-26-03-pendleton-pega-as-informacoes-sobre-ele-na-casa-de-maquinas\/173100","title":{"rendered":"Resumo novela \u201cAs Aventuras de Poliana\u201d 26\/03: Pendleton pega as informa\u00e7\u00f5es sobre ele na casa de m\u00e1quinas"},"content":{"rendered":"<p><strong><em><img loading=\"lazy\" decoding=\"async\" class=\"aligncenter size-large wp-image-148662\" src=\"https:\/\/migracao.redenoticia.com.br\/noticia\/imagens\/as-aventuras-de-poliana-novela-400x267.jpg\" alt=\"\" width=\"400\" height=\"267\" srcset=\"https:\/\/migracao.redenoticia.com.br\/noticia\/imagens\/as-aventuras-de-poliana-novela-400x267.jpg 400w, https:\/\/migracao.redenoticia.com.br\/noticia\/imagens\/as-aventuras-de-poliana-novela-250x167.jpg 250w, https:\/\/migracao.redenoticia.com.br\/noticia\/imagens\/as-aventuras-de-poliana-novela-150x100.jpg 150w, https:\/\/migracao.redenoticia.com.br\/noticia\/imagens\/as-aventuras-de-poliana-novela.jpg 600w\" sizes=\"auto, (max-width: 400px) 100vw, 400px\" \/>Resumo novela \u201cAs Aventuras de Poliana\u201d 26\/03 <\/em><\/strong>: no cap\u00edtulo 225(*) da novela, resumo de ter\u00e7a-feira, 26 de mar\u00e7o, Roger diz a Claudia que ela est\u00e1 recontratada, mas que ser\u00e1 a \u00faltima chance da secret\u00e1ria. Marcelo conta a Iuri que vai expor seu trabalho junto com Lu\u00edsa e ainda mostra uma mensagem de Nadine. As apresenta\u00e7\u00f5es da aula de dan\u00e7a de Branca come\u00e7am e D\u00e9bora aproveita para fazer provoca\u00e7\u00f5es. Brenda e Jefferson se apresentam e s\u00e3o muito aplaudidos. Enquanto isso, Poliana, Jo\u00e3o, Gael, Ben\u00edcio, M\u00e1rio e Lorena v\u00e3o \u00e0 casa de m\u00e1quinas para encontrarem os arquivos perdidos de Pendleton. Mirela e Luca dan\u00e7am valsa e, de longe (e triste), Vini observa tudo. Sara, invis\u00edvel, atrapalha o plano das crian\u00e7as descobrirem mais coisas sobre Pendleton. Guilherme e Raquel dan\u00e7am tango em uma apresenta\u00e7\u00e3o surpreendente.<\/p>\n<p>Ap\u00f3s a dan\u00e7a, Gui diz a Raquel que quer voltar atr\u00e1s e reatar o relacionamento. Afonso, chateado, desabafa com Durval sobre a exposi\u00e7\u00e3o de Lu\u00edsa. Mirela observa Vini e Gabi dan\u00e7ando, incomodada. Gabi beija Vini no fim da apresenta\u00e7\u00e3o. Os capangas de Rato, contratados por Roger, soltam v\u00e1rias baratas no ch\u00e3o da padaria. Afonso procura Gl\u00f3ria para tirar satisfa\u00e7\u00e3o, dizendo que Lu\u00edsa n\u00e3o vai expor no mesmo dia em que Marcelo. Durval se desespera e todos os clientes saem correndo da padaria por conta das baratas. Vini pergunta a Gabi por que ela o beijou, sendo que ele \u00e9 feio. A menina se declara pra ele e diz que quer oficializar o que est\u00e1 havendo entre eles. Filipa conta a Luigi que Yasmin colocou os votos falsos na mochila de Luigi. Guilherme v\u00ea Filipa triste e tenta conversar com ela. Salvador diz a D\u00e9bora que a exposi\u00e7\u00e3o de Lu\u00edsa e Marcelo ser\u00e1 um fracasso. Pendleton, encapuzado, captura todas as informa\u00e7\u00f5es sobre ele que existem na casa de m\u00e1quinas.<\/p>\n<p>(*) edi\u00e7\u00e3o do SBT, Novela \u201cAs Aventuras de Poliana\u201d, sujeito a altera\u00e7\u00e3o de data e conte\u00fado.<\/p>\n<p>Poliana \u00e9 uma menina extrovertida e de bom cora\u00e7\u00e3o que viajava o Brasil com seus pais, Lorenzo e Alice, no grupo circense Trupe Vagalume. Aos onze anos a garota v\u00ea seu mundo desabar quando seus pais falecem e ela tem que ir morar em S\u00e3o Paulo com sua tia Lu\u00edsa, uma mulher rica e severa, a qual ela n\u00e3o conhecia e que n\u00e3o queria cuidar dela, embora sinta que \u00e9 sua obriga\u00e7\u00e3o pela alma de sua irm\u00e3. Apesar do jeito da rigidez da tia, Poliana decide ter uma vis\u00e3o positiva e inabal\u00e1vel da vida, mesmo nos momentos de dificuldade, tentando levar um pouco de felicidade para a vida de cada um dos seus novos amigos e vizinhos, como o Sr. Pendleton, um homem rico e infeliz por nunca ter tido filhos. Ela vai estudar no col\u00e9gio de Ruth, uma diretora de bom cora\u00e7\u00e3o que a ajuda a se adaptar, mas tem que lidar com as vilanias de Mirela, garota mais velha que n\u00e3o aceita perder a popularidade para uma novata.<\/p>\n","protected":false},"excerpt":{"rendered":"<p>Resumo novela \u201cAs Aventuras de Poliana\u201d 26\/03 : no cap\u00edtulo 225(*) da novela, resumo de ter\u00e7a-feira, 26 de mar\u00e7o, Roger diz a Claudia que ela est\u00e1 recontratada, mas que ser\u00e1 a \u00faltima chance da secret\u00e1ria. Marcelo conta a Iuri que vai expor seu trabalho junto com Lu\u00edsa e ainda mostra uma mensagem de Nadine. As [&hellip;]<\/p>\n","protected":false},"author":4,"featured_media":148663,"comment_status":"open","ping_status":"closed","sticky":false,"template":"","format":"standard","meta":{"tdm_status":"","tdm_grid_status":"","footnotes":""},"categories":[477,379,372,343],"tags":[441],"class_list":{"0":"post-173100","1":"post","2":"type-post","3":"status-publish","4":"format-standard","5":"has-post-thumbnail","7":"category-as-aventuras-de-poliana","8":"category-novelas","9":"category-sbt","10":"category-televisao","11":"tag-resumo-do-dia"},"_links":{"self":[{"href":"https:\/\/migracao.redenoticia.com.br\/noticia\/wp-json\/wp\/v2\/posts\/173100","targetHints":{"allow":["GET"]}}],"collection":[{"href":"https:\/\/migracao.redenoticia.com.br\/noticia\/wp-json\/wp\/v2\/posts"}],"about":[{"href":"https:\/\/migracao.redenoticia.com.br\/noticia\/wp-json\/wp\/v2\/types\/post"}],"author":[{"embeddable":true,"href":"https:\/\/migracao.redenoticia.com.br\/noticia\/wp-json\/wp\/v2\/users\/4"}],"replies":[{"embeddable":true,"href":"https:\/\/migracao.redenoticia.com.br\/noticia\/wp-json\/wp\/v2\/comments?post=173100"}],"version-history":[{"count":0,"href":"https:\/\/migracao.redenoticia.com.br\/noticia\/wp-json\/wp\/v2\/posts\/173100\/revisions"}],"wp:featuredmedia":[{"embeddable":true,"href":"https:\/\/migracao.redenoticia.com.br\/noticia\/wp-json\/wp\/v2\/media\/148663"}],"wp:attachment":[{"href":"https:\/\/migracao.redenoticia.com.br\/noticia\/wp-json\/wp\/v2\/media?parent=173100"}],"wp:term":[{"taxonomy":"category","embeddable":true,"href":"https:\/\/migracao.redenoticia.com.br\/noticia\/wp-json\/wp\/v2\/categories?post=173100"},{"taxonomy":"post_tag","embeddable":true,"href":"https:\/\/migracao.redenoticia.com.br\/noticia\/wp-json\/wp\/v2\/tags?post=173100"}],"curies":[{"name":"wp","href":"https:\/\/api.w.org\/{rel}","templated":true}]}}