{"id":173104,"date":"2019-03-25T16:28:29","date_gmt":"2019-03-25T19:28:29","guid":{"rendered":"https:\/\/www.redenoticia.com.br\/noticia\/?p=173104"},"modified":"2019-03-25T16:28:31","modified_gmt":"2019-03-25T19:28:31","slug":"resumo-novela-a-garota-da-moto-26-03-bernarda-sai-da-cadeia","status":"publish","type":"post","link":"https:\/\/migracao.redenoticia.com.br\/noticia\/2019\/resumo-novela-a-garota-da-moto-26-03-bernarda-sai-da-cadeia\/173104","title":{"rendered":"Resumo novela \u201cA Garota da Moto\u201d 26\/03: Bernarda sai da cadeia"},"content":{"rendered":"<p><strong><em><img loading=\"lazy\" decoding=\"async\" class=\"aligncenter size-large wp-image-171233\" src=\"https:\/\/migracao.redenoticia.com.br\/noticia\/imagens\/a-garota-da-moto-sbt-300x300.jpg\" alt=\"\" width=\"300\" height=\"300\" srcset=\"https:\/\/migracao.redenoticia.com.br\/noticia\/imagens\/a-garota-da-moto-sbt-300x300.jpg 300w, https:\/\/migracao.redenoticia.com.br\/noticia\/imagens\/a-garota-da-moto-sbt-187x187.jpg 187w, https:\/\/migracao.redenoticia.com.br\/noticia\/imagens\/a-garota-da-moto-sbt.jpg 540w\" sizes=\"auto, (max-width: 300px) 100vw, 300px\" \/>Resumo novela \u201cA Garota da Moto\u201d 26\/03:<\/em><\/strong> no cap\u00edtulo 015(*) da novela, ter\u00e7a-feira, 26 de mar\u00e7o, Ivan e Joana se reencontram. Eles iniciam uma briga, discutindo sobre seus problemas pessoais. Eles conversam sobre Naomi e sobre Alex. Joana conta da destrui\u00e7\u00e3o de monstra por Naomi e Ivan revela que Alex j\u00e1 esteve atr\u00e1s de outras mulheres e \u00e9 perigoso. O casal quase faz as pazes, mas acabam terminando pior do que come\u00e7ou. N\u00e9ia brinda Bernarda com novas companheiras de cela. \u00c9 a gota d\u2019\u00e1gua para Bernarda.<\/p>\n<p>Maurice, o pai de Bernarda, aparece em resposta a mensagem que ela lhe mandou pelo celular no epis\u00f3dio anterior. Ele tripudia da filha, mas chegam em um acordo para que ele trate da soltura dela. N\u00e9ia revela a Ivan que Bernarda est\u00e1 sendo protegida por gente poderosa. Bernarda consegue enfim sair da cadeia. Na Mot\u00f3polis, Val saca que Pam n\u00e3o est\u00e1 a fim de Rafa. Isso irrita Pam, que quer provar que est\u00e1 sim interessada em Rafa. Pam d\u00e1 o troco em Val: \u201cVoc\u00ea tamb\u00e9m t\u00e1 na do Rei\u201d! Elas se cutucam sobre quem n\u00e3o superou Rei ainda.<\/p>\n<p>(*) edi\u00e7\u00e3o do SBT, Novela \u201cA Garota da Moto\u201d, sujeito a altera\u00e7\u00e3o de data e conte\u00fado.<\/p>\n<p>Sinopse \u2013 Joana vive o dia a dia fascinante e perigoso das ruas, viadutos e vias expressas de S\u00e3o Paulo sobre duas rodas. Ela \u00e9 uma motogirl que faz parte desse ex\u00e9rcito de mais de 300 mil pessoas que cruzam a cidade transportando de tudo, todos os dias, o dia inteiro. Um ex\u00e9rcito que \u00e9, como todos, predominantemente masculino. Joana \u00e9 uma exce\u00e7\u00e3o: \u00e9 mulher, jovem, bonita e acima de tudo, \u00e9 corajosa.<\/p>\n<p>Joana se tornou aventureira porque se viu acuada, tendo que defender sozinha o seu filho de oito anos, Nico, contra gente muito poderosa. Nessa jornada, ela descobre for\u00e7as que nem sabia que tinha \u2013 como acontece tantas vezes com os verdadeiros her\u00f3is.<\/p>\n","protected":false},"excerpt":{"rendered":"<p>Resumo novela \u201cA Garota da Moto\u201d 26\/03: no cap\u00edtulo 015(*) da novela, ter\u00e7a-feira, 26 de mar\u00e7o, Ivan e Joana se reencontram. Eles iniciam uma briga, discutindo sobre seus problemas pessoais. Eles conversam sobre Naomi e sobre Alex. Joana conta da destrui\u00e7\u00e3o de monstra por Naomi e Ivan revela que Alex j\u00e1 esteve atr\u00e1s de outras [&hellip;]<\/p>\n","protected":false},"author":4,"featured_media":90196,"comment_status":"open","ping_status":"closed","sticky":false,"template":"","format":"standard","meta":{"tdm_status":"","tdm_grid_status":"","footnotes":""},"categories":[379,372,343],"tags":[441],"class_list":{"0":"post-173104","1":"post","2":"type-post","3":"status-publish","4":"format-standard","5":"has-post-thumbnail","7":"category-novelas","8":"category-sbt","9":"category-televisao","10":"tag-resumo-do-dia"},"_links":{"self":[{"href":"https:\/\/migracao.redenoticia.com.br\/noticia\/wp-json\/wp\/v2\/posts\/173104","targetHints":{"allow":["GET"]}}],"collection":[{"href":"https:\/\/migracao.redenoticia.com.br\/noticia\/wp-json\/wp\/v2\/posts"}],"about":[{"href":"https:\/\/migracao.redenoticia.com.br\/noticia\/wp-json\/wp\/v2\/types\/post"}],"author":[{"embeddable":true,"href":"https:\/\/migracao.redenoticia.com.br\/noticia\/wp-json\/wp\/v2\/users\/4"}],"replies":[{"embeddable":true,"href":"https:\/\/migracao.redenoticia.com.br\/noticia\/wp-json\/wp\/v2\/comments?post=173104"}],"version-history":[{"count":0,"href":"https:\/\/migracao.redenoticia.com.br\/noticia\/wp-json\/wp\/v2\/posts\/173104\/revisions"}],"wp:featuredmedia":[{"embeddable":true,"href":"https:\/\/migracao.redenoticia.com.br\/noticia\/wp-json\/wp\/v2\/media\/90196"}],"wp:attachment":[{"href":"https:\/\/migracao.redenoticia.com.br\/noticia\/wp-json\/wp\/v2\/media?parent=173104"}],"wp:term":[{"taxonomy":"category","embeddable":true,"href":"https:\/\/migracao.redenoticia.com.br\/noticia\/wp-json\/wp\/v2\/categories?post=173104"},{"taxonomy":"post_tag","embeddable":true,"href":"https:\/\/migracao.redenoticia.com.br\/noticia\/wp-json\/wp\/v2\/tags?post=173104"}],"curies":[{"name":"wp","href":"https:\/\/api.w.org\/{rel}","templated":true}]}}