{"id":17315,"date":"2009-11-13T22:12:38","date_gmt":"2009-11-14T02:12:38","guid":{"rendered":"http:\/\/www.redenoticia.com.br\/noticia\/?p=17315"},"modified":"2009-11-13T22:12:38","modified_gmt":"2009-11-14T02:12:38","slug":"concurso-inss-ministerio-da-saude-809-vagas-inscricao-cespe-ate-1711","status":"publish","type":"post","link":"https:\/\/migracao.redenoticia.com.br\/noticia\/2009\/concurso-inss-ministerio-da-saude-809-vagas-inscricao-cespe-ate-1711\/17315","title":{"rendered":"Concurso INSS Minist\u00e9rio da Sa\u00fade 809 vagas &#8211; inscri\u00e7\u00e3o CESPE at\u00e9 17\/11"},"content":{"rendered":"<p>O Minist\u00e9rio da Sa\u00fade (www.saude.gov.br) realiza concurso para provimento de 809 vagas, com execu\u00e7\u00e3o do Centro de Sele\u00e7\u00e3o e de Promo\u00e7\u00e3o de Eventos da Universidade de Bras\u00edlia (CESPE\/UnB). Inscri\u00e7\u00f5es: De 2 a 17 de novembro de 2009, pelo <a href=\"http:\/\/www.cespe.unb.br\" target=\"_blank\">www.cespe.unb.br<\/a> ou em terminais dispon\u00edveis pelo CESPE\/UnB.<\/p>\n<p>Valor:<br \/>\nR$ 44,00 para N\u00edvel Superior e R$ 38,00 para N\u00edvel M\u00e9dio.<br \/>\nHaver\u00e1 isen\u00e7\u00e3o para inscritos no Cad\u00danico, que devem solicitar o benef\u00edcio at\u00e9 17 de novembro de 2009, pelo site.<\/p>\n<p>Cargos e vagas:<br \/>\nAdministrador (192), Analista T\u00e9cnico-Administrativo &#8211; PGPE 1 (130), Analista T\u00e9cnico-Administrativo &#8211; PGPE 2 (26), Arquiteto (5), Arquivista (52), Assistente Social (29), Bibliotec\u00e1rio (8), Contador (88), Economista (6), Engenheiro Civil (10), Engenheiro Eletricista (9), Estat\u00edstico (10), Farmac\u00eautico (4), Fonoaudi\u00f3logo (20), M\u00e9dico &#8211; Cardiologia (12), M\u00e9dico &#8211; Cl\u00ednica M\u00e9dica (35), M\u00e9dico &#8211; Medicina do Trabalho \/ Sa\u00fade Ocupacional (42), M\u00e9dico &#8211; Psiquiatra (2), Nutricionista (6), Psic\u00f3logo (31), Qu\u00edmico (4), T\u00e9cnico de Contabilidade (74), T\u00e9cnico em Assuntos Educacionais (27), T\u00e9cnico em Comunica\u00e7\u00e3o Social &#8211; Jornalismo (19), T\u00e9cnico em Comunica\u00e7\u00e3o Social &#8211; Publicidade e Propaganda (4).<\/p>\n<p>Leia mais <a href=\"http:\/\/www.concursos.com.br\" target=\"_blank\">www.concursos.com.br<\/a><\/p>\n","protected":false},"excerpt":{"rendered":"<p>O Minist\u00e9rio da Sa\u00fade (www.saude.gov.br) realiza concurso para provimento de 809 vagas, com execu\u00e7\u00e3o do Centro de Sele\u00e7\u00e3o e de Promo\u00e7\u00e3o de Eventos da Universidade de Bras\u00edlia (CESPE\/UnB). Inscri\u00e7\u00f5es: De 2 a 17 de novembro de 2009, pelo www.cespe.unb.br ou em terminais dispon\u00edveis pelo CESPE\/UnB. Valor: R$ 44,00 para N\u00edvel Superior e R$ 38,00 para [&hellip;]<\/p>\n","protected":false},"author":3,"featured_media":0,"comment_status":"open","ping_status":"open","sticky":false,"template":"","format":"standard","meta":{"tdm_status":"","tdm_grid_status":"","footnotes":""},"categories":[352,370],"tags":[],"class_list":{"0":"post-17315","1":"post","2":"type-post","3":"status-publish","4":"format-standard","6":"category-concursos","7":"category-inscricao"},"_links":{"self":[{"href":"https:\/\/migracao.redenoticia.com.br\/noticia\/wp-json\/wp\/v2\/posts\/17315","targetHints":{"allow":["GET"]}}],"collection":[{"href":"https:\/\/migracao.redenoticia.com.br\/noticia\/wp-json\/wp\/v2\/posts"}],"about":[{"href":"https:\/\/migracao.redenoticia.com.br\/noticia\/wp-json\/wp\/v2\/types\/post"}],"author":[{"embeddable":true,"href":"https:\/\/migracao.redenoticia.com.br\/noticia\/wp-json\/wp\/v2\/users\/3"}],"replies":[{"embeddable":true,"href":"https:\/\/migracao.redenoticia.com.br\/noticia\/wp-json\/wp\/v2\/comments?post=17315"}],"version-history":[{"count":0,"href":"https:\/\/migracao.redenoticia.com.br\/noticia\/wp-json\/wp\/v2\/posts\/17315\/revisions"}],"wp:attachment":[{"href":"https:\/\/migracao.redenoticia.com.br\/noticia\/wp-json\/wp\/v2\/media?parent=17315"}],"wp:term":[{"taxonomy":"category","embeddable":true,"href":"https:\/\/migracao.redenoticia.com.br\/noticia\/wp-json\/wp\/v2\/categories?post=17315"},{"taxonomy":"post_tag","embeddable":true,"href":"https:\/\/migracao.redenoticia.com.br\/noticia\/wp-json\/wp\/v2\/tags?post=17315"}],"curies":[{"name":"wp","href":"https:\/\/api.w.org\/{rel}","templated":true}]}}