{"id":173166,"date":"2019-03-26T15:13:51","date_gmt":"2019-03-26T18:13:51","guid":{"rendered":"https:\/\/www.redenoticia.com.br\/noticia\/?p=173166"},"modified":"2019-03-26T15:13:54","modified_gmt":"2019-03-26T18:13:54","slug":"resumo-novela-espelho-da-vida-27-03-eugenio-encontra-cris-julia-e-ameaca-o-bebe","status":"publish","type":"post","link":"https:\/\/migracao.redenoticia.com.br\/noticia\/2019\/resumo-novela-espelho-da-vida-27-03-eugenio-encontra-cris-julia-e-ameaca-o-bebe\/173166","title":{"rendered":"Resumo novela \u201cEspelho da Vida\u201d 27\/03: Eug\u00eanio encontra Cris\/Julia e amea\u00e7a o beb\u00ea"},"content":{"rendered":"<p><strong><em><img loading=\"lazy\" decoding=\"async\" class=\"aligncenter size-large wp-image-153376\" src=\"https:\/\/migracao.redenoticia.com.br\/noticia\/imagens\/espelho-da-vida-001-384x300.jpg\" alt=\"\" width=\"384\" height=\"300\" srcset=\"https:\/\/migracao.redenoticia.com.br\/noticia\/imagens\/espelho-da-vida-001-384x300.jpg 384w, https:\/\/migracao.redenoticia.com.br\/noticia\/imagens\/espelho-da-vida-001-239x187.jpg 239w, https:\/\/migracao.redenoticia.com.br\/noticia\/imagens\/espelho-da-vida-001-150x117.jpg 150w, https:\/\/migracao.redenoticia.com.br\/noticia\/imagens\/espelho-da-vida-001.jpg 597w\" sizes=\"auto, (max-width: 384px) 100vw, 384px\" \/>Resumo novela \u201cEspelho da Vida\u201d 27\/03 <\/em><\/strong>: no cap\u00edtulo 156(*) da novela, resumo de quarta-feira, 27 de mar\u00e7o, Margot e Daniel se abra\u00e7am emocionados. Dora confronta Eug\u00eanio e furta as alian\u00e7as de Julia e Danilo. Gentil conhece Daniel e todos celebram o encontro do rapaz com sua fam\u00edlia. Ana elogia Fl\u00e1vio, que ajudou Am\u00e9rico a deixar a delegacia. Hugo encontra Pat no Rio de Janeiro. Pat fala com Ricardo J\u00fanior e decide voltar para Rosa Branca com Hugo, a quem declara seu amor. Cris\/Julia se prepara para dar \u00e0 luz, ao lado de Danilo. Eug\u00eanio comunica a Piedade que Padre Luiz est\u00e1 morto. Gustavo e Dora planejam uma vingan\u00e7a contra Julia. Eug\u00eanio encontra Cris\/Julia e amea\u00e7a o beb\u00ea.<\/p>\n<p>(*) edi\u00e7\u00e3o da Rede Globo, Novela \u201cEspelho da Vida\u201d, sujeito a altera\u00e7\u00e3o de data e conte\u00fado.<\/p>\n<p>Cris Val\u00eancia (Vit\u00f3ria Strada) \u00e9 uma atriz de teatro, linda, estudiosa e filha de pais artistas. A jovem \u00e9 idealista e segura de seus objetivos. Sens\u00edvel, acredita em todos que se aproximam, valoriza o amor e vive um romance feliz ao lado de Alain (Jo\u00e3o Vicente de Castro). Incentivadora da carreira do namorado, ela apoia seus projetos e acredita que ele precisa investir na produ\u00e7\u00e3o de um filme rom\u00e2ntico.<\/p>\n<p>Em \u201cEspelho da Vida\u201d, Alain \u00e9 um diretor de TV e cinema bem-sucedido no Rio de Janeiro, muito reconhecido por sua arte. O jovem recebe um pr\u00eamio por seu \u00faltimo curta-metragem e est\u00e1 em busca de novos roteiros para seu primeiro longa de com\u00e9dia.<\/p>\n","protected":false},"excerpt":{"rendered":"<p>Resumo novela \u201cEspelho da Vida\u201d 27\/03 : no cap\u00edtulo 156(*) da novela, resumo de quarta-feira, 27 de mar\u00e7o, Margot e Daniel se abra\u00e7am emocionados. Dora confronta Eug\u00eanio e furta as alian\u00e7as de Julia e Danilo. Gentil conhece Daniel e todos celebram o encontro do rapaz com sua fam\u00edlia. Ana elogia Fl\u00e1vio, que ajudou Am\u00e9rico a [&hellip;]<\/p>\n","protected":false},"author":4,"featured_media":150110,"comment_status":"open","ping_status":"closed","sticky":false,"template":"","format":"standard","meta":{"tdm_status":"","tdm_grid_status":"","footnotes":""},"categories":[527,379,375,343],"tags":[441],"class_list":{"0":"post-173166","1":"post","2":"type-post","3":"status-publish","4":"format-standard","5":"has-post-thumbnail","7":"category-espelho-da-vida","8":"category-novelas","9":"category-rede-globo","10":"category-televisao","11":"tag-resumo-do-dia"},"_links":{"self":[{"href":"https:\/\/migracao.redenoticia.com.br\/noticia\/wp-json\/wp\/v2\/posts\/173166","targetHints":{"allow":["GET"]}}],"collection":[{"href":"https:\/\/migracao.redenoticia.com.br\/noticia\/wp-json\/wp\/v2\/posts"}],"about":[{"href":"https:\/\/migracao.redenoticia.com.br\/noticia\/wp-json\/wp\/v2\/types\/post"}],"author":[{"embeddable":true,"href":"https:\/\/migracao.redenoticia.com.br\/noticia\/wp-json\/wp\/v2\/users\/4"}],"replies":[{"embeddable":true,"href":"https:\/\/migracao.redenoticia.com.br\/noticia\/wp-json\/wp\/v2\/comments?post=173166"}],"version-history":[{"count":0,"href":"https:\/\/migracao.redenoticia.com.br\/noticia\/wp-json\/wp\/v2\/posts\/173166\/revisions"}],"wp:featuredmedia":[{"embeddable":true,"href":"https:\/\/migracao.redenoticia.com.br\/noticia\/wp-json\/wp\/v2\/media\/150110"}],"wp:attachment":[{"href":"https:\/\/migracao.redenoticia.com.br\/noticia\/wp-json\/wp\/v2\/media?parent=173166"}],"wp:term":[{"taxonomy":"category","embeddable":true,"href":"https:\/\/migracao.redenoticia.com.br\/noticia\/wp-json\/wp\/v2\/categories?post=173166"},{"taxonomy":"post_tag","embeddable":true,"href":"https:\/\/migracao.redenoticia.com.br\/noticia\/wp-json\/wp\/v2\/tags?post=173166"}],"curies":[{"name":"wp","href":"https:\/\/api.w.org\/{rel}","templated":true}]}}