{"id":173168,"date":"2019-03-26T15:14:53","date_gmt":"2019-03-26T18:14:53","guid":{"rendered":"https:\/\/www.redenoticia.com.br\/noticia\/?p=173168"},"modified":"2019-03-26T15:14:56","modified_gmt":"2019-03-26T18:14:56","slug":"resumo-novela-verao-90-27-03-herculano-pede-uma-chance-a-janaina","status":"publish","type":"post","link":"https:\/\/migracao.redenoticia.com.br\/noticia\/2019\/resumo-novela-verao-90-27-03-herculano-pede-uma-chance-a-janaina\/173168","title":{"rendered":"Resumo novela \u201cVer\u00e3o 90\u201d 27\/03: Herculano pede uma chance a Jana\u00edna"},"content":{"rendered":"<p><em><strong><img loading=\"lazy\" decoding=\"async\" class=\"aligncenter size-large wp-image-167197\" src=\"https:\/\/migracao.redenoticia.com.br\/noticia\/imagens\/verao-90-001-299x300.jpg\" alt=\"\" width=\"299\" height=\"300\" srcset=\"https:\/\/migracao.redenoticia.com.br\/noticia\/imagens\/verao-90-001-299x300.jpg 299w, https:\/\/migracao.redenoticia.com.br\/noticia\/imagens\/verao-90-001-186x187.jpg 186w, https:\/\/migracao.redenoticia.com.br\/noticia\/imagens\/verao-90-001-560x562.jpg 560w, https:\/\/migracao.redenoticia.com.br\/noticia\/imagens\/verao-90-001.jpg 614w\" sizes=\"auto, (max-width: 299px) 100vw, 299px\" \/>Resumo novela \u201cVer\u00e3o 90\u201d 27\/03 <\/strong><\/em> : no cap\u00edtulo 050(*) da novela, resumo quarta-feira, 27 de mar\u00e7o, Gisela decide dan\u00e7ar com Patrick. Manu afirma a Lidiane que est\u00e1 indo devagar no namoro com Jer\u00f4nimo. Jana\u00edna conta a Janice que Herculano conseguiu a casa para abrir o \u2018Sua Praia\u2019. Raimundo confessa a Otoniel que Jana\u00edna mexe muito com ele. Patrick se surpreende ao perceber que dormiu com Gisela na casa de Mercedes. Patrick comenta com Dandara que n\u00e3o se recorda de nada e presume que foi por causa do doce de leite.<\/p>\n<p>Mad\u00e1 joga cartas para Gisela. Ela finge para Herculano que aceita a separa\u00e7\u00e3o. Galdino rouba o pote de doce que Patrick encontrou no mar. Vanessa despreza Jer\u00f4nimo. Galdino se delicia ao comer o doce de leite do pote. Jer\u00f4nimo comenta com Manu sobre a d\u00favida de sua perman\u00eancia na PopTV. Herculano pede uma chance a Jana\u00edna. Galdino encontra v\u00e1rios potes de doce de leite no mar e decide comprar a carrocinha de Hamilton para vender sonhos.<\/p>\n<p>(*) edi\u00e7\u00e3o da Rede Globo, Novela \u201cVer\u00e3o 90\u201d, sujeito a altera\u00e7\u00e3o de data e conte\u00fado.<\/p>\n<p>Sinopse \u201cVer\u00e3o 90\u201d: O Rio de Janeiro da d\u00e9cada de 1990, a cultura efervescente da \u00e9poca, os acontecimentos sociais e pol\u00edticos, a m\u00fasica e a moda est\u00e3o presentes em \u2018Ver\u00e3o 90\u2019, uma com\u00e9dia rom\u00e2ntica, solar e musical, escrita por Izabel de Oliveira e Paula Amaral, com dire\u00e7\u00e3o art\u00edstica de Jorge Fernando. A pr\u00f3xima novela das sete vai mostrar a trajet\u00f3ria de tr\u00eas ex-astros mirins e suas m\u00e3es batalhadoras, Lidiane (Claudia Raia) e Jana\u00edna (Dira Paes), cada uma a seu modo. A previs\u00e3o de estreia \u00e9 para o in\u00edcio de 2019. A hist\u00f3ria rom\u00e2ntica e musical que tem como protagonistas o trio Jo\u00e3o (Jo\u00e3o Bravo\/Rafael Vitti), Manuzita (Melissa N\u00f3brega\/Isabelle Drummond) e Jer\u00f4nimo (Diogo Caruso\/Jesu\u00edta Barbosa).<\/p>\n","protected":false},"excerpt":{"rendered":"<p>Resumo novela \u201cVer\u00e3o 90\u201d 27\/03 : no cap\u00edtulo 050(*) da novela, resumo quarta-feira, 27 de mar\u00e7o, Gisela decide dan\u00e7ar com Patrick. Manu afirma a Lidiane que est\u00e1 indo devagar no namoro com Jer\u00f4nimo. Jana\u00edna conta a Janice que Herculano conseguiu a casa para abrir o \u2018Sua Praia\u2019. Raimundo confessa a Otoniel que Jana\u00edna mexe muito [&hellip;]<\/p>\n","protected":false},"author":4,"featured_media":167198,"comment_status":"open","ping_status":"closed","sticky":false,"template":"","format":"standard","meta":{"tdm_status":"","tdm_grid_status":"","footnotes":""},"categories":[379,375,343,536],"tags":[441],"class_list":{"0":"post-173168","1":"post","2":"type-post","3":"status-publish","4":"format-standard","5":"has-post-thumbnail","7":"category-novelas","8":"category-rede-globo","9":"category-televisao","10":"category-verao-90","11":"tag-resumo-do-dia"},"_links":{"self":[{"href":"https:\/\/migracao.redenoticia.com.br\/noticia\/wp-json\/wp\/v2\/posts\/173168","targetHints":{"allow":["GET"]}}],"collection":[{"href":"https:\/\/migracao.redenoticia.com.br\/noticia\/wp-json\/wp\/v2\/posts"}],"about":[{"href":"https:\/\/migracao.redenoticia.com.br\/noticia\/wp-json\/wp\/v2\/types\/post"}],"author":[{"embeddable":true,"href":"https:\/\/migracao.redenoticia.com.br\/noticia\/wp-json\/wp\/v2\/users\/4"}],"replies":[{"embeddable":true,"href":"https:\/\/migracao.redenoticia.com.br\/noticia\/wp-json\/wp\/v2\/comments?post=173168"}],"version-history":[{"count":0,"href":"https:\/\/migracao.redenoticia.com.br\/noticia\/wp-json\/wp\/v2\/posts\/173168\/revisions"}],"wp:featuredmedia":[{"embeddable":true,"href":"https:\/\/migracao.redenoticia.com.br\/noticia\/wp-json\/wp\/v2\/media\/167198"}],"wp:attachment":[{"href":"https:\/\/migracao.redenoticia.com.br\/noticia\/wp-json\/wp\/v2\/media?parent=173168"}],"wp:term":[{"taxonomy":"category","embeddable":true,"href":"https:\/\/migracao.redenoticia.com.br\/noticia\/wp-json\/wp\/v2\/categories?post=173168"},{"taxonomy":"post_tag","embeddable":true,"href":"https:\/\/migracao.redenoticia.com.br\/noticia\/wp-json\/wp\/v2\/tags?post=173168"}],"curies":[{"name":"wp","href":"https:\/\/api.w.org\/{rel}","templated":true}]}}