{"id":173170,"date":"2019-03-26T15:15:58","date_gmt":"2019-03-26T18:15:58","guid":{"rendered":"https:\/\/www.redenoticia.com.br\/noticia\/?p=173170"},"modified":"2019-03-26T15:16:01","modified_gmt":"2019-03-26T18:16:01","slug":"resumo-novela-o-setimo-guardiao-27-03-marilda-descobre-que-olavo-esta-a-enganar-valentina","status":"publish","type":"post","link":"https:\/\/migracao.redenoticia.com.br\/noticia\/2019\/resumo-novela-o-setimo-guardiao-27-03-marilda-descobre-que-olavo-esta-a-enganar-valentina\/173170","title":{"rendered":"Resumo novela \u201cO S\u00e9timo Guardi\u00e3o\u201d 27\/03: Marilda descobre que Olavo est\u00e1 a enganar Valentina"},"content":{"rendered":"<p><strong><em><img loading=\"lazy\" decoding=\"async\" class=\"aligncenter size-large wp-image-159064\" src=\"https:\/\/migracao.redenoticia.com.br\/noticia\/imagens\/o-setimo-guardiao-121-334x300.jpg\" alt=\"\" width=\"334\" height=\"300\" srcset=\"https:\/\/migracao.redenoticia.com.br\/noticia\/imagens\/o-setimo-guardiao-121-334x300.jpg 334w, https:\/\/migracao.redenoticia.com.br\/noticia\/imagens\/o-setimo-guardiao-121-208x187.jpg 208w, https:\/\/migracao.redenoticia.com.br\/noticia\/imagens\/o-setimo-guardiao-121-150x135.jpg 150w, https:\/\/migracao.redenoticia.com.br\/noticia\/imagens\/o-setimo-guardiao-121.jpg 548w\" sizes=\"auto, (max-width: 334px) 100vw, 334px\" \/>Resumo novela \u201cO S\u00e9timo Guardi\u00e3o\u201d 27\/03 <\/em><\/strong>: no cap\u00edtulo 117(*) da novela, resumo quarta-feira, 27 de mar\u00e7o, Firmina ouve a conversa de Neide e S\u00f3stenes. Lourdes comenta com Raimunda sobre sua situa\u00e7\u00e3o com Geandro. Eurico conta a Marilda sobre o plano de Olavo. Murilo e S\u00f3stenes decidem ajudar a encontrar a filha que Neide procura. Gabriel exige que Aranha contenha Mirtes e proteja o segredo de Machado. Marilda procura Valentina e descobre que Olavo est\u00e1 enganando a irm\u00e3. Feliciano anuncia a Gabriel que ama Valentina e lutar\u00e1 por ela. Diana e Walid recebem uma proposta para treinar nos Estados Unidos. Mirtes chantageia Aranha para n\u00e3o revelar o segredo de Machado.<\/p>\n<p>(*) edi\u00e7\u00e3o da Rede Globo, Novela \u201cO S\u00e9timo Guardi\u00e3o\u201d, sujeito a altera\u00e7\u00e3o de data e conte\u00fado.<\/p>\n<p>Sinopse \u201cO S\u00e9timo Guardi\u00e3o\u201d: \u00c0 primeira vista, Serro Azul pode parecer apenas mais uma t\u00edpica cidade do interior, pacata e cercada por montanhas, onde avan\u00e7os tecnol\u00f3gicos como internet e telefonia celular ainda n\u00e3o chegaram. Um lugar pelo qual quem passa n\u00e3o d\u00e1 muita aten\u00e7\u00e3o, sem saber o que est\u00e1 perdendo, afinal, uma cidade que \u00e9 vizinha de Greenville e Tubiancanga n\u00e3o poderia deixar de ter suas peculiaridades. A principal delas \u00e9 uma fonte com propriedades curativas e rejuvenescedoras, que \u00e9 a parte mais externa de um gigantesco aqu\u00edfero, uma enorme reserva daquilo que a cada dia se torna o bem mais precioso da Terra: a \u00e1gua. Essa fonte \u00e9 protegida por sete guardi\u00e3es que t\u00eam como miss\u00e3o garantir que essa riqueza n\u00e3o chegue \u00e0s m\u00e3os erradas.<\/p>\n","protected":false},"excerpt":{"rendered":"<p>Resumo novela \u201cO S\u00e9timo Guardi\u00e3o\u201d 27\/03 : no cap\u00edtulo 117(*) da novela, resumo quarta-feira, 27 de mar\u00e7o, Firmina ouve a conversa de Neide e S\u00f3stenes. Lourdes comenta com Raimunda sobre sua situa\u00e7\u00e3o com Geandro. Eurico conta a Marilda sobre o plano de Olavo. Murilo e S\u00f3stenes decidem ajudar a encontrar a filha que Neide procura. [&hellip;]<\/p>\n","protected":false},"author":4,"featured_media":154961,"comment_status":"open","ping_status":"closed","sticky":false,"template":"","format":"standard","meta":{"tdm_status":"","tdm_grid_status":"","footnotes":""},"categories":[379,530,375,343],"tags":[441],"class_list":{"0":"post-173170","1":"post","2":"type-post","3":"status-publish","4":"format-standard","5":"has-post-thumbnail","7":"category-novelas","8":"category-o-setimo-guardiao","9":"category-rede-globo","10":"category-televisao","11":"tag-resumo-do-dia"},"_links":{"self":[{"href":"https:\/\/migracao.redenoticia.com.br\/noticia\/wp-json\/wp\/v2\/posts\/173170","targetHints":{"allow":["GET"]}}],"collection":[{"href":"https:\/\/migracao.redenoticia.com.br\/noticia\/wp-json\/wp\/v2\/posts"}],"about":[{"href":"https:\/\/migracao.redenoticia.com.br\/noticia\/wp-json\/wp\/v2\/types\/post"}],"author":[{"embeddable":true,"href":"https:\/\/migracao.redenoticia.com.br\/noticia\/wp-json\/wp\/v2\/users\/4"}],"replies":[{"embeddable":true,"href":"https:\/\/migracao.redenoticia.com.br\/noticia\/wp-json\/wp\/v2\/comments?post=173170"}],"version-history":[{"count":0,"href":"https:\/\/migracao.redenoticia.com.br\/noticia\/wp-json\/wp\/v2\/posts\/173170\/revisions"}],"wp:featuredmedia":[{"embeddable":true,"href":"https:\/\/migracao.redenoticia.com.br\/noticia\/wp-json\/wp\/v2\/media\/154961"}],"wp:attachment":[{"href":"https:\/\/migracao.redenoticia.com.br\/noticia\/wp-json\/wp\/v2\/media?parent=173170"}],"wp:term":[{"taxonomy":"category","embeddable":true,"href":"https:\/\/migracao.redenoticia.com.br\/noticia\/wp-json\/wp\/v2\/categories?post=173170"},{"taxonomy":"post_tag","embeddable":true,"href":"https:\/\/migracao.redenoticia.com.br\/noticia\/wp-json\/wp\/v2\/tags?post=173170"}],"curies":[{"name":"wp","href":"https:\/\/api.w.org\/{rel}","templated":true}]}}