{"id":173186,"date":"2019-03-26T21:53:22","date_gmt":"2019-03-27T00:53:22","guid":{"rendered":"https:\/\/www.redenoticia.com.br\/noticia\/?p=173186"},"modified":"2019-03-26T21:53:02","modified_gmt":"2019-03-27T00:53:02","slug":"novela-espelho-da-vida-eugenio-culpa-danilo-pela-morte-de-julia","status":"publish","type":"post","link":"https:\/\/migracao.redenoticia.com.br\/noticia\/2019\/novela-espelho-da-vida-eugenio-culpa-danilo-pela-morte-de-julia\/173186","title":{"rendered":"Novela \u201cEspelho da Vida\u201d: Eug\u00eanio culpa Danilo pela morte de J\u00falia"},"content":{"rendered":"<p><strong><em><img loading=\"lazy\" decoding=\"async\" class=\"aligncenter size-large wp-image-150110\" src=\"https:\/\/migracao.redenoticia.com.br\/noticia\/imagens\/Espelho-da-Vida-novela-resumo-globo-400x229.jpg\" alt=\"\" width=\"400\" height=\"229\" srcset=\"https:\/\/migracao.redenoticia.com.br\/noticia\/imagens\/Espelho-da-Vida-novela-resumo-globo-400x229.jpg 400w, https:\/\/migracao.redenoticia.com.br\/noticia\/imagens\/Espelho-da-Vida-novela-resumo-globo-250x143.jpg 250w, https:\/\/migracao.redenoticia.com.br\/noticia\/imagens\/Espelho-da-Vida-novela-resumo-globo-150x86.jpg 150w, https:\/\/migracao.redenoticia.com.br\/noticia\/imagens\/Espelho-da-Vida-novela-resumo-globo.jpg 649w\" sizes=\"auto, (max-width: 400px) 100vw, 400px\" \/>Novela \u201cEspelho da Vida\u201d:<\/em><\/strong> Julia\/Cris (Vit\u00f3ria Strada) \u00e9 sequestrada logo ap\u00f3s o parto, volta para a mans\u00e3o e foge no meio de uma tempestade com Danilo (Rafael Cardoso). Ela deixa uma carta para sua m\u00e3e (aquela que Alain encontrou e confirmou que J\u00falia teve um filho). Os dois s\u00e3o pegos logo depois por capangas. Ela entra na frente de Danilo na hora em que Eug\u00eanio (Felipe Camargo) dispara contra o seu amado. Eug\u00eanio conta para o inspetor de pol\u00edcia que Danilo cometeu o crime.<\/p>\n<p>Cris se desprende do corpo de Julia e tenta voltar ao presente. Ela segura o camafeu, faz a espiral e nada acontece: &#8220;Alguma coisa aconteceu com o portal. N\u00e3o pode ser. Calma, isso j\u00e1 aconteceu antes, calma&#8230; Estou presa! N\u00e3o \u00e9 poss\u00edvel&#8230; Fiquei presa no passado&#8230;Tem que haver um outro portal&#8230; Um outro espelho&#8230;&#8221;.<\/p>\n<p>Cris entra no quarto dos pais de Julia e encontra um espelho para realizar sua \u00faltima viagem no tempo. Cris chega na loja de antiguidades e encontra Daniel (Rafael Cardoso).<\/p>\n<p>Cris encontra Am\u00e9rico (Felipe Camargo) limpando a pens\u00e3o de Gentil (Ana Lucia Torre): &#8220;Eu tou aqui, tava com saudade desse pai&#8230;&#8221;. Ele diz que n\u00e3o consegue mudar e que andou fazendo mais besteira.<\/p>\n<p>Cena prevista para 29 de mar\u00e7o na Novela \u201cEspelho da Vida\u201d.<\/p>\n<p>Sinopse Espelho da Vida\u201d: Cris Val\u00eancia (Vit\u00f3ria Strada) \u00e9 uma atriz de teatro, linda, estudiosa e filha de pais artistas. A jovem \u00e9 idealista e segura de seus objetivos. Sens\u00edvel, acredita em todos que se aproximam, valoriza o amor e vive um romance feliz ao lado de Alain (Jo\u00e3o Vicente de Castro). Incentivadora da carreira do namorado, ela apoia seus projetos e acredita que ele precisa investir na produ\u00e7\u00e3o de um filme rom\u00e2ntico. Em \u201cEspelho da Vida\u201d, Alain \u00e9 um diretor de TV e cinema bem-sucedido no Rio de Janeiro, muito reconhecido por sua arte.<\/p>\n","protected":false},"excerpt":{"rendered":"<p>Novela \u201cEspelho da Vida\u201d: Julia\/Cris (Vit\u00f3ria Strada) \u00e9 sequestrada logo ap\u00f3s o parto, volta para a mans\u00e3o e foge no meio de uma tempestade com Danilo (Rafael Cardoso). Ela deixa uma carta para sua m\u00e3e (aquela que Alain encontrou e confirmou que J\u00falia teve um filho). Os dois s\u00e3o pegos logo depois por capangas. Ela [&hellip;]<\/p>\n","protected":false},"author":2,"featured_media":153381,"comment_status":"open","ping_status":"closed","sticky":false,"template":"","format":"standard","meta":{"tdm_status":"","tdm_grid_status":"","footnotes":""},"categories":[388,527,379,375,343],"tags":[440],"class_list":{"0":"post-173186","1":"post","2":"type-post","3":"status-publish","4":"format-standard","5":"has-post-thumbnail","7":"category-destaques","8":"category-espelho-da-vida","9":"category-novelas","10":"category-rede-globo","11":"category-televisao","12":"tag-noticia-novela"},"_links":{"self":[{"href":"https:\/\/migracao.redenoticia.com.br\/noticia\/wp-json\/wp\/v2\/posts\/173186","targetHints":{"allow":["GET"]}}],"collection":[{"href":"https:\/\/migracao.redenoticia.com.br\/noticia\/wp-json\/wp\/v2\/posts"}],"about":[{"href":"https:\/\/migracao.redenoticia.com.br\/noticia\/wp-json\/wp\/v2\/types\/post"}],"author":[{"embeddable":true,"href":"https:\/\/migracao.redenoticia.com.br\/noticia\/wp-json\/wp\/v2\/users\/2"}],"replies":[{"embeddable":true,"href":"https:\/\/migracao.redenoticia.com.br\/noticia\/wp-json\/wp\/v2\/comments?post=173186"}],"version-history":[{"count":0,"href":"https:\/\/migracao.redenoticia.com.br\/noticia\/wp-json\/wp\/v2\/posts\/173186\/revisions"}],"wp:featuredmedia":[{"embeddable":true,"href":"https:\/\/migracao.redenoticia.com.br\/noticia\/wp-json\/wp\/v2\/media\/153381"}],"wp:attachment":[{"href":"https:\/\/migracao.redenoticia.com.br\/noticia\/wp-json\/wp\/v2\/media?parent=173186"}],"wp:term":[{"taxonomy":"category","embeddable":true,"href":"https:\/\/migracao.redenoticia.com.br\/noticia\/wp-json\/wp\/v2\/categories?post=173186"},{"taxonomy":"post_tag","embeddable":true,"href":"https:\/\/migracao.redenoticia.com.br\/noticia\/wp-json\/wp\/v2\/tags?post=173186"}],"curies":[{"name":"wp","href":"https:\/\/api.w.org\/{rel}","templated":true}]}}