{"id":173239,"date":"2019-04-22T19:22:16","date_gmt":"2019-04-22T22:22:16","guid":{"rendered":"https:\/\/www.redenoticia.com.br\/noticia\/?p=173239"},"modified":"2019-04-22T19:39:53","modified_gmt":"2019-04-22T22:39:53","slug":"jesuino-e-enforcado","status":"publish","type":"post","link":"https:\/\/migracao.redenoticia.com.br\/noticia\/2019\/jesuino-e-enforcado\/173239","title":{"rendered":"Jesu\u00edno \u00e9 enforcado, mas n\u00e3o morre"},"content":{"rendered":"<p>Jesu\u00edno (Cau\u00e3 Reymond) vai sofrer muito na reta final da novela <strong><em>&#8220;Cordel Encantado&#8221;.<\/em><\/strong> Na pra\u00e7a de Brogod\u00f3, est\u00e1 tudo pronto para o enforcamento de Jesu\u00edno e as pessoas v\u00e3o se aproximando, horrorizadas. Tim\u00f3teo (Bruno Gagliasso) e A\u00e7ucena (Bianca Bin) saem casados por um falso padre da igreja e Jesu\u00edno \u00e9 arrastado por jagun\u00e7os at\u00e9 o palanque onde est\u00e1 a forca.<\/p>\n<p><img loading=\"lazy\" decoding=\"async\" class=\"aligncenter size-large wp-image-165215\" src=\"https:\/\/migracao.redenoticia.com.br\/noticia\/imagens\/cordel-003-400x300.jpg\" alt=\"\" width=\"400\" height=\"300\" srcset=\"https:\/\/migracao.redenoticia.com.br\/noticia\/imagens\/cordel-003-400x300.jpg 400w, https:\/\/migracao.redenoticia.com.br\/noticia\/imagens\/cordel-003-250x187.jpg 250w, https:\/\/migracao.redenoticia.com.br\/noticia\/imagens\/cordel-003-150x113.jpg 150w, https:\/\/migracao.redenoticia.com.br\/noticia\/imagens\/cordel-003-265x198.jpg 265w, https:\/\/migracao.redenoticia.com.br\/noticia\/imagens\/cordel-003.jpg 480w\" sizes=\"auto, (max-width: 400px) 100vw, 400px\" \/><\/p>\n<p>Benvinda (Claudia Ohana), Herculano (Domingos Montagner) e seu bando se misturam ao povo, disfar\u00e7ados. Z\u00f3io-Furado (Tuca Andrada) d\u00e1 a ordem e dois carrascos encapuzados se aproximam de Jesu\u00edno e colocam a corda em seu pesco\u00e7o.<\/p>\n<p>A\u00e7ucena implora para que Tim\u00f3teo desista dessa loucura, mas ele n\u00e3o d\u00e1 ouvidos: \u201cO destino de Jesu\u00edno est\u00e1 tra\u00e7ado, meu amor. Ele j\u00e1 \u00e9 um homem morto!\u201d Os tambores come\u00e7am a rufar, Z\u00f3io faz um sinal para um dos carrascos, que puxa uma alavanca e o al\u00e7ap\u00e3o embaixo de Jesu\u00edno se abre.<\/p>\n<p>A\u00e7ucena d\u00e1 um grito desesperado e tenta ir at\u00e9 Jesu\u00edno, mas Tim\u00f3teo a impede. Todos ficam chocados diante da cena.<\/p>\n<p>Ap\u00f3s o enforcamento de Jesu\u00edno (Cau\u00e3 Reymond), Tim\u00f3teo (Bruno Gagliasso) puxa A\u00e7ucena (Bianca Bin) para que ela veja o corpo, que est\u00e1 embrulhado em um saco no ch\u00e3o. A princesa desmaia e ele desiste de comprovar que Jesu\u00edno est\u00e1 morto.<\/p>\n<p>Enquanto isso, Jesu\u00edno sobrevive e foge no meio da multid\u00e3o, disfar\u00e7ado de monge, ao lado de Herculano (Domingos Montagner) e Benvinda (Claudia Ohana). Ao ver o sofrimento de A\u00e7ucena, ele amea\u00e7a ir atr\u00e1s dela, mas \u00e9 impedido por seus pais.<\/p>\n<p>No acampamento dos cangaceiros, Herculano e Benvinda narram para Jesu\u00edno como funcionou o plano para impedir o enforcamento do rapaz. Herculano conta que Rei Augusto (Carmo Dalla Vecchia) e Petrus (Felipe Camargo) trocaram de lugar com os carrascos e afrouxaram a corda no pesco\u00e7o. A m\u00e3e continua: \u201cEu mais teu pai sustentamos o peso de seu corpo, quando tu caiu debaixo da plataforma.\u201d<\/p>\n<p>Benvinda diz que o casamento de A\u00e7ucena e Tim\u00f3teo foi falso, realizado por um ator. Herculano avisa que C\u00edcero (Miguel R\u00f4mulo), disfar\u00e7ado de condutor, Dora (Nathalia Dill) e Felipe (Jayme Matarazzo), escondidos na carro\u00e7a, j\u00e1 est\u00e3o a caminho da fazenda e ir\u00e3o abrir o port\u00e3o para a entrada dos cangaceiros.<\/p>\n<p>O capit\u00e3o pede para o filho controlar a ansiedade e esperar no acampamento: \u201cEnquanto Tim\u00f3teo pensar que tu est\u00e1 morto, a a\u00e7\u00e3o para salvar A\u00e7ucena est\u00e1 garantida.\u201d<\/p>\n<p>Ao chegar \u00e0 fazenda, Tim\u00f3teo (Bruno Gagliasso) imediatamente ordena que seus homens levem o corpo que seria de Jesu\u00edno (Cau\u00e3 Reymond) para a crema\u00e7\u00e3o. Ele tenta levar A\u00e7ucena (Bianca Bin) para assistir, mas a mo\u00e7a se recusa a acompanh\u00e1-lo.<\/p>\n<p>No meio do p\u00e1tio, o coronel manda abrirem o saco para que ele possa ver o rosto de seu rival sendo queimado. Ao abrir, Tim\u00f3teo fica furioso ao se deparar com o corpo de um dos carrascos.<\/p>\n<p>Ele grita com Z\u00f3io-Furado (Tuca Andrada): \u201cTu me garantiu que Jesu\u00edno estava morto! Cad\u00ea o corpo dele?\u201d. Mas o cangaceiro est\u00e1 t\u00e3o surpreso quanto o coronel e n\u00e3o sabe o que responder.<\/p>\n<p>Desesperado, Tim\u00f3teo grita com seus homens: \u201cA\u00e7ucena tem que achar que Jesu\u00edno est\u00e1 morto! Quem abrir o bico, eu mando para fogueira vivo!\u201d. Todos acatam a ordem e levam o carrasco para o casebre que era de Dami\u00e3o (Tony Tornado).<\/p>\n<p>Da janela, A\u00e7ucena, em p\u00e2nico, v\u00ea o fogo consumindo e acredita que Jesu\u00edno estava ali. Escondidos, Dora (Nathalia Dill) e Felipe (Jayme Matarazzo) assistem \u00e0 cena e se preparam para entrar em a\u00e7\u00e3o.<\/p>\n<p>Sinopse &#8220;Cordel Encantado&#8221;: Augusto e sua rainha vivem uma vida harmoniosa e feliz, sem imaginar que est\u00e3o cercados por dois vil\u00f5es: \u00darsula (D\u00e9bora Bloch), cunhada do rei, e Nicolau (Luiz Fernando Guimar\u00e3es), o atrapalhado mordomo da corte. A bela, elegante e sofisticada duquesa \u00e9 a pessoa mais perigosa e falsa de todo o reino. Ajudada por Nicolau, seu amante, \u00darsula deseja se tornar rainha. E a viagem a Brogod\u00f3 \u00e9 a chance que a duquesa sempre quis para se livrar de Cristina e da princesa.<\/p>\n<p>A sede de poder da dupla de vil\u00f5es \u00e9 crescente: no Brasil, para onde se muda com a corte europeia, o casal continua a planejar e executar planos para conseguir o que quer. No decorrer da novela, revela-se que Lady Cec\u00edlia (Sofia Terra), que \u00darsula criava como sobrinha, \u00e9 filha da vil\u00e3 com o general Baldini (Em\u00edlio de Mello), militar do ex\u00e9rcito de Ser\u00e1fia do Norte.<\/p>\n<p>Fonte Rede Globo &#8220;Cordel Encantado\u201d<\/p>\n","protected":false},"excerpt":{"rendered":"<p>Jesu\u00edno (Cau\u00e3 Reymond) vai sofrer muito na reta final da novela &#8220;Cordel Encantado&#8221;. Na pra\u00e7a de Brogod\u00f3, est\u00e1 tudo pronto para o enforcamento de Jesu\u00edno e as pessoas v\u00e3o se aproximando, horrorizadas. Tim\u00f3teo (Bruno Gagliasso) e A\u00e7ucena (Bianca Bin) saem casados por um falso padre da igreja e Jesu\u00edno \u00e9 arrastado por jagun\u00e7os at\u00e9 o [&hellip;]<\/p>\n","protected":false},"author":2,"featured_media":165214,"comment_status":"open","ping_status":"closed","sticky":false,"template":"","format":"standard","meta":{"tdm_status":"","tdm_grid_status":"","footnotes":""},"categories":[535,388,379,375,343],"tags":[440],"class_list":{"0":"post-173239","1":"post","2":"type-post","3":"status-publish","4":"format-standard","5":"has-post-thumbnail","7":"category-cordel-encantado","8":"category-destaques","9":"category-novelas","10":"category-rede-globo","11":"category-televisao","12":"tag-noticia-novela"},"_links":{"self":[{"href":"https:\/\/migracao.redenoticia.com.br\/noticia\/wp-json\/wp\/v2\/posts\/173239","targetHints":{"allow":["GET"]}}],"collection":[{"href":"https:\/\/migracao.redenoticia.com.br\/noticia\/wp-json\/wp\/v2\/posts"}],"about":[{"href":"https:\/\/migracao.redenoticia.com.br\/noticia\/wp-json\/wp\/v2\/types\/post"}],"author":[{"embeddable":true,"href":"https:\/\/migracao.redenoticia.com.br\/noticia\/wp-json\/wp\/v2\/users\/2"}],"replies":[{"embeddable":true,"href":"https:\/\/migracao.redenoticia.com.br\/noticia\/wp-json\/wp\/v2\/comments?post=173239"}],"version-history":[{"count":0,"href":"https:\/\/migracao.redenoticia.com.br\/noticia\/wp-json\/wp\/v2\/posts\/173239\/revisions"}],"wp:featuredmedia":[{"embeddable":true,"href":"https:\/\/migracao.redenoticia.com.br\/noticia\/wp-json\/wp\/v2\/media\/165214"}],"wp:attachment":[{"href":"https:\/\/migracao.redenoticia.com.br\/noticia\/wp-json\/wp\/v2\/media?parent=173239"}],"wp:term":[{"taxonomy":"category","embeddable":true,"href":"https:\/\/migracao.redenoticia.com.br\/noticia\/wp-json\/wp\/v2\/categories?post=173239"},{"taxonomy":"post_tag","embeddable":true,"href":"https:\/\/migracao.redenoticia.com.br\/noticia\/wp-json\/wp\/v2\/tags?post=173239"}],"curies":[{"name":"wp","href":"https:\/\/api.w.org\/{rel}","templated":true}]}}