{"id":17324,"date":"2009-11-13T22:28:18","date_gmt":"2009-11-14T02:28:18","guid":{"rendered":"http:\/\/www.redenoticia.com.br\/noticia\/?p=17324"},"modified":"2009-11-13T22:28:18","modified_gmt":"2009-11-14T02:28:18","slug":"o-dia-da-consciencia-negra-e-o-tema-da-semana-na-tv-escola","status":"publish","type":"post","link":"https:\/\/migracao.redenoticia.com.br\/noticia\/2009\/o-dia-da-consciencia-negra-e-o-tema-da-semana-na-tv-escola\/17324","title":{"rendered":"O Dia da Consci\u00eancia Negra \u00e9 o tema da semana na TV Escola"},"content":{"rendered":"<p>Na pr\u00f3xima semana, a <strong>TV Escola<\/strong> apresentar\u00e1 uma <strong>programa\u00e7\u00e3o especial<\/strong> pelo <strong>Dia da Consci\u00eancia Negra<\/strong>, comemorado em 20 de novembro. De 16 a 22 de novembro, segunda a sexta-feira, a semana tem\u00e1tica e o programa Salto para o futuro abordam o tema com uma s\u00e9rie de document\u00e1rios e debates que discutem o racismo por meio de fatos hist\u00f3ricos, acontecimentos e an\u00e1lise de conceitos.\u00a0<\/p>\n<p>Curr\u00edculo, rela\u00e7\u00f5es sociais e cultura afro-brasileira s\u00e3o os temas do Salto para o futuro, que exalta as diversas culturas e tem como proposta a incorpora\u00e7\u00e3o de pr\u00e1ticas pedag\u00f3gicas mais pr\u00f3ximas da realidade brasileira. De segunda a sexta-feira, ser\u00e3o apresentados os costumes dos povos africanos e como foram incorporados nas tradi\u00e7\u00f5es do Brasil, as rela\u00e7\u00f5es \u00e9tnico-raciais no cumprimento da lei que torna obrigat\u00f3rio o ensino da cultura afro nas escola, diversidade no curr\u00edculo escolar, mitos e religi\u00f5es, e as rela\u00e7\u00f5es entre \u00c1frica e Brasil.\u00a0 \u00a0<\/p>\n<p>O programa, com 60 minutos de dura\u00e7\u00e3o, vai ao ar de 16 a 20 de novembro, \u00e0s 19 horas, com reprise de 17 a 20 de novembro \u00e0s 8 horas. A s\u00e9rie objetiva impulsionar novas a\u00e7\u00f5es e reflex\u00f5es sobre a diversidade cultural no cotidiano escolar.<\/p>\n<p>De segunda a quarta-feira, tr\u00eas epis\u00f3dios da s\u00e9rie Racismo: uma hist\u00f3ria v\u00e3o ao ar. Os programas discutem os diversos conceitos de racismo ao longo da hist\u00f3ria da humanidade.<\/p>\n<p>Manifesta\u00e7\u00f5es e viol\u00eancia em Los Angeles \u00e9 um dos epis\u00f3dios da s\u00e9rie Dias que abalaram o mundo, que ser\u00e1 exibido na quarta-feira, \u00e0s 21h50. Com tr\u00eas minutos de dura\u00e7\u00e3o, o document\u00e1rio relata, por meio de imagens guardadas em arquivo, importantes fatos hist\u00f3ricos do s\u00e9culo 20.<\/p>\n<p>Na quinta-feira, Camisetas viajando: a hist\u00f3ria das roupas de segunda m\u00e3o e a d\u00edvida do terceiro mundo mostra o com\u00e9rcio de roupas de segunda m\u00e3o na Z\u00e2mbia e examina as diferen\u00e7as entre o primeiro e o terceiro mundo.<\/p>\n<p>Tr\u00eas espis\u00f3dios da s\u00e9rie 500 Anos: O Brasil Col\u00f4nia na tv e mais dois epis\u00f3dios da s\u00e9rie Dias que abalaram o mundo ser\u00e3o exibidos na sexta-feira. Os programas mostram alguns dos principais momentos da hist\u00f3ria, como o ciclo da cana-de-a\u00e7\u00facar e a comercializa\u00e7\u00e3o dos escravos.<\/p>\n<p>O convidado da semana \u00e9 o professor Jos\u00e9 Jorge de Carvalho, da Faculdade de Antropologia da Universidade de Bras\u00edlia (UnB). Ele discute as causas hist\u00f3ricas do racismo e do preconceito no Brasil e o que vem sendo feito para mudar esse quadro.\u00a0 Todos os programas da Semana tem\u00e1tica ser\u00e3o apresentados por Marcos Fran\u00e7a e exibidos \u00e0s 21 horas, com reprise a 1 hora da manh\u00e3.<\/p>\n<p>A TV Escola pode ser sintonizada via antena parab\u00f3lica (digital ou anal\u00f3gica) em todo o pa\u00eds e no <a href=\"http:\/\/portal.mec.gov.br\/tvescola\/\">Portal<\/a> do MEC. Seu sinal est\u00e1 dispon\u00edvel tamb\u00e9m nas tev\u00eas por assinatura DirecTV (canal 237), Sky (canal 112) e Telef\u00f4nica (canal 694).<\/p>\n<p>Assessoria de Imprensa da Seed<\/p>\n","protected":false},"excerpt":{"rendered":"<p>Na pr\u00f3xima semana, a TV Escola apresentar\u00e1 uma programa\u00e7\u00e3o especial pelo Dia da Consci\u00eancia Negra, comemorado em 20 de novembro. De 16 a 22 de novembro, segunda a sexta-feira, a semana tem\u00e1tica e o programa Salto para o futuro abordam o tema com uma s\u00e9rie de document\u00e1rios e debates que discutem o racismo por meio [&hellip;]<\/p>\n","protected":false},"author":3,"featured_media":0,"comment_status":"open","ping_status":"open","sticky":false,"template":"","format":"standard","meta":{"tdm_status":"","tdm_grid_status":"","footnotes":""},"categories":[343],"tags":[],"class_list":{"0":"post-17324","1":"post","2":"type-post","3":"status-publish","4":"format-standard","6":"category-televisao"},"_links":{"self":[{"href":"https:\/\/migracao.redenoticia.com.br\/noticia\/wp-json\/wp\/v2\/posts\/17324","targetHints":{"allow":["GET"]}}],"collection":[{"href":"https:\/\/migracao.redenoticia.com.br\/noticia\/wp-json\/wp\/v2\/posts"}],"about":[{"href":"https:\/\/migracao.redenoticia.com.br\/noticia\/wp-json\/wp\/v2\/types\/post"}],"author":[{"embeddable":true,"href":"https:\/\/migracao.redenoticia.com.br\/noticia\/wp-json\/wp\/v2\/users\/3"}],"replies":[{"embeddable":true,"href":"https:\/\/migracao.redenoticia.com.br\/noticia\/wp-json\/wp\/v2\/comments?post=17324"}],"version-history":[{"count":0,"href":"https:\/\/migracao.redenoticia.com.br\/noticia\/wp-json\/wp\/v2\/posts\/17324\/revisions"}],"wp:attachment":[{"href":"https:\/\/migracao.redenoticia.com.br\/noticia\/wp-json\/wp\/v2\/media?parent=17324"}],"wp:term":[{"taxonomy":"category","embeddable":true,"href":"https:\/\/migracao.redenoticia.com.br\/noticia\/wp-json\/wp\/v2\/categories?post=17324"},{"taxonomy":"post_tag","embeddable":true,"href":"https:\/\/migracao.redenoticia.com.br\/noticia\/wp-json\/wp\/v2\/tags?post=17324"}],"curies":[{"name":"wp","href":"https:\/\/api.w.org\/{rel}","templated":true}]}}