{"id":173363,"date":"2019-03-28T15:53:46","date_gmt":"2019-03-28T18:53:46","guid":{"rendered":"https:\/\/www.redenoticia.com.br\/noticia\/?p=173363"},"modified":"2019-03-28T15:53:49","modified_gmt":"2019-03-28T18:53:49","slug":"resumo-novela-as-aventuras-de-poliana-29-03-marcelo-e-luisa-ficam-presos-em-um-caminhao","status":"publish","type":"post","link":"https:\/\/migracao.redenoticia.com.br\/noticia\/2019\/resumo-novela-as-aventuras-de-poliana-29-03-marcelo-e-luisa-ficam-presos-em-um-caminhao\/173363","title":{"rendered":"Resumo novela \u201cAs Aventuras de Poliana\u201d 29\/03: Marcelo e Lu\u00edsa ficam presos em um caminh\u00e3o"},"content":{"rendered":"<p><strong><em><img loading=\"lazy\" decoding=\"async\" class=\"aligncenter size-large wp-image-148662\" src=\"https:\/\/migracao.redenoticia.com.br\/noticia\/imagens\/as-aventuras-de-poliana-novela-400x267.jpg\" alt=\"\" width=\"400\" height=\"267\" srcset=\"https:\/\/migracao.redenoticia.com.br\/noticia\/imagens\/as-aventuras-de-poliana-novela-400x267.jpg 400w, https:\/\/migracao.redenoticia.com.br\/noticia\/imagens\/as-aventuras-de-poliana-novela-250x167.jpg 250w, https:\/\/migracao.redenoticia.com.br\/noticia\/imagens\/as-aventuras-de-poliana-novela-150x100.jpg 150w, https:\/\/migracao.redenoticia.com.br\/noticia\/imagens\/as-aventuras-de-poliana-novela.jpg 600w\" sizes=\"auto, (max-width: 400px) 100vw, 400px\" \/>Resumo novela \u201cAs Aventuras de Poliana\u201d 29\/03 <\/em><\/strong>: no cap\u00edtulo &#8230;(*) da novela, resumo de sexta-feira, 29 de mar\u00e7o, No cap\u00edtulo 228, sexta-feira, 29 de mar\u00e7o \u2013 Roger chega em casa contando sobre a confus\u00e3o e Arlete se desespera por n\u00e3o saber onde o filho est\u00e1. Gleyce flagra Guilherme dormindo no sof\u00e1 e fica furiosa. D\u00e9bora cobra Marcelo sobre ele estar na casa de Lu\u00edsa e leva um baita fora. Lu\u00edsa se prepara para a vernissage. As elei\u00e7\u00f5es para o gr\u00eamio recome\u00e7am. Marcelo exibe alguns v\u00eddeos de \u00c9ric na aula de fotografia e ele fica sem entender nada. Yasmin revela que ela planejou a homenagem. Luca pergunta a Mirela se, mesmo se a chapa Contente ganhar, eles poder\u00e3o continuar fazendo a radionovela juntos. Guilherme, na comunidade, \u00e9 perseguido pelos capangas de Rato. Waldisney conta a Roger que viu Gui na comunidade.<\/p>\n<p>Roger pergunta a Ciro se ele viu Guilherme. Luigi agradece Yasmin e volta a ser amigo dela. Ruth faz v\u00e1rias perguntas a Hel\u00f4 sobre Bento.D\u00e9bora retoma as aulas de dan\u00e7a e elogia as alunas. Poliana e Kessya se surpreendem. Guilherme vai ao escrit\u00f3rio de Gl\u00f3ria, que fica aliviada. A professora pede para a sala formar trios e Filipa sobra. D\u00e9bora, chorando, tem lembran\u00e7as de sua m\u00e3e lhe ensinando bal\u00e9 e sendo muito cobrada para ter um bom desempenho. Ruth e Hel\u00f4 revelam o resultado das reelei\u00e7\u00f5es do gr\u00eamio. Roger e Ciro v\u00e3o \u00e0 comunidade em busca de Guilherme. Marcelo e Lu\u00edsa ficam presos em um caminh\u00e3o e se desesperam.<\/p>\n<p>(*) edi\u00e7\u00e3o do SBT, Novela \u201cAs Aventuras de Poliana\u201d, sujeito a altera\u00e7\u00e3o de data e conte\u00fado.<\/p>\n<p>Poliana \u00e9 uma menina extrovertida e de bom cora\u00e7\u00e3o que viajava o Brasil com seus pais, Lorenzo e Alice, no grupo circense Trupe Vagalume. Aos onze anos a garota v\u00ea seu mundo desabar quando seus pais falecem e ela tem que ir morar em S\u00e3o Paulo com sua tia Lu\u00edsa, uma mulher rica e severa, a qual ela n\u00e3o conhecia e que n\u00e3o queria cuidar dela, embora sinta que \u00e9 sua obriga\u00e7\u00e3o pela alma de sua irm\u00e3. Apesar do jeito da rigidez da tia, Poliana decide ter uma vis\u00e3o positiva e inabal\u00e1vel da vida, mesmo nos momentos de dificuldade, tentando levar um pouco de felicidade para a vida de cada um dos seus novos amigos e vizinhos, como o Sr. Pendleton, um homem rico e infeliz por nunca ter tido filhos. Ela vai estudar no col\u00e9gio de Ruth, uma diretora de bom cora\u00e7\u00e3o que a ajuda a se adaptar, mas tem que lidar com as vilanias de Mirela, garota mais velha que n\u00e3o aceita perder a popularidade para uma novata.<\/p>\n","protected":false},"excerpt":{"rendered":"<p>Resumo novela \u201cAs Aventuras de Poliana\u201d 29\/03 : no cap\u00edtulo &#8230;(*) da novela, resumo de sexta-feira, 29 de mar\u00e7o, No cap\u00edtulo 228, sexta-feira, 29 de mar\u00e7o \u2013 Roger chega em casa contando sobre a confus\u00e3o e Arlete se desespera por n\u00e3o saber onde o filho est\u00e1. Gleyce flagra Guilherme dormindo no sof\u00e1 e fica furiosa. [&hellip;]<\/p>\n","protected":false},"author":4,"featured_media":148663,"comment_status":"open","ping_status":"closed","sticky":false,"template":"","format":"standard","meta":{"tdm_status":"","tdm_grid_status":"","footnotes":""},"categories":[477,379,372,343],"tags":[441],"class_list":{"0":"post-173363","1":"post","2":"type-post","3":"status-publish","4":"format-standard","5":"has-post-thumbnail","7":"category-as-aventuras-de-poliana","8":"category-novelas","9":"category-sbt","10":"category-televisao","11":"tag-resumo-do-dia"},"_links":{"self":[{"href":"https:\/\/migracao.redenoticia.com.br\/noticia\/wp-json\/wp\/v2\/posts\/173363","targetHints":{"allow":["GET"]}}],"collection":[{"href":"https:\/\/migracao.redenoticia.com.br\/noticia\/wp-json\/wp\/v2\/posts"}],"about":[{"href":"https:\/\/migracao.redenoticia.com.br\/noticia\/wp-json\/wp\/v2\/types\/post"}],"author":[{"embeddable":true,"href":"https:\/\/migracao.redenoticia.com.br\/noticia\/wp-json\/wp\/v2\/users\/4"}],"replies":[{"embeddable":true,"href":"https:\/\/migracao.redenoticia.com.br\/noticia\/wp-json\/wp\/v2\/comments?post=173363"}],"version-history":[{"count":0,"href":"https:\/\/migracao.redenoticia.com.br\/noticia\/wp-json\/wp\/v2\/posts\/173363\/revisions"}],"wp:featuredmedia":[{"embeddable":true,"href":"https:\/\/migracao.redenoticia.com.br\/noticia\/wp-json\/wp\/v2\/media\/148663"}],"wp:attachment":[{"href":"https:\/\/migracao.redenoticia.com.br\/noticia\/wp-json\/wp\/v2\/media?parent=173363"}],"wp:term":[{"taxonomy":"category","embeddable":true,"href":"https:\/\/migracao.redenoticia.com.br\/noticia\/wp-json\/wp\/v2\/categories?post=173363"},{"taxonomy":"post_tag","embeddable":true,"href":"https:\/\/migracao.redenoticia.com.br\/noticia\/wp-json\/wp\/v2\/tags?post=173363"}],"curies":[{"name":"wp","href":"https:\/\/api.w.org\/{rel}","templated":true}]}}