{"id":173367,"date":"2019-03-28T15:56:18","date_gmt":"2019-03-28T18:56:18","guid":{"rendered":"https:\/\/www.redenoticia.com.br\/noticia\/?p=173367"},"modified":"2019-03-28T15:56:21","modified_gmt":"2019-03-28T18:56:21","slug":"resumo-novela-a-garota-da-moto-29-03-joana-corre-o-risco-de-perder-a-guarda-de-nico","status":"publish","type":"post","link":"https:\/\/migracao.redenoticia.com.br\/noticia\/2019\/resumo-novela-a-garota-da-moto-29-03-joana-corre-o-risco-de-perder-a-guarda-de-nico\/173367","title":{"rendered":"Resumo novela \u201cA Garota da Moto\u201d 29\/03: Joana corre o risco de perder a guarda de Nico"},"content":{"rendered":"<p><strong><em><img loading=\"lazy\" decoding=\"async\" class=\"aligncenter size-large wp-image-171233\" src=\"https:\/\/migracao.redenoticia.com.br\/noticia\/imagens\/a-garota-da-moto-sbt-300x300.jpg\" alt=\"\" width=\"300\" height=\"300\" srcset=\"https:\/\/migracao.redenoticia.com.br\/noticia\/imagens\/a-garota-da-moto-sbt-300x300.jpg 300w, https:\/\/migracao.redenoticia.com.br\/noticia\/imagens\/a-garota-da-moto-sbt-187x187.jpg 187w, https:\/\/migracao.redenoticia.com.br\/noticia\/imagens\/a-garota-da-moto-sbt.jpg 540w\" sizes=\"auto, (max-width: 300px) 100vw, 300px\" \/>Resumo novela \u201cA Garota da Moto\u201d 29\/03:<\/em><\/strong> no cap\u00edtulo 018(*) da novela, sexta-feira, 29 de mar\u00e7o, La\u00e9rcio, um cliente da Mot\u00f3polis, chega reclamando que sua encomenda n\u00e3o chegou. Ele fica esperando l\u00e1, irritado, e quando a encomenda n\u00e3o chega ele recebe um telefonema de sua chefe e \u00e9 demitido. La\u00e9rcio perde a raz\u00e3o e come\u00e7a brigar com todos, dando um tapa em Val e um empurr\u00e3o em Bac. Joana chega e bate em La\u00e9rcio. Nico, que chega com Joana, v\u00ea ela atacar o cara.<\/p>\n<p>Acontece que uma assistente social, \u00c9rika, est\u00e1 investigando uma den\u00fancia de que Nico viveria em situa\u00e7\u00e3o de viol\u00eancia. Joana agora corre o risco de perder a guarda do menino. Enquanto isso, Fang s\u00f3 procura T\u00falio para emo\u00e7\u00f5es baratas no vesti\u00e1rio da Mot\u00f3polis. T\u00falio cobra de Fang romantismo, mas Fang n\u00e3o \u00e9 assim. T\u00falio e Fang ficam tristes, conversam com outras pessoas at\u00e9 que entendem que precisam fazer concess\u00f5es para ficarem felizes juntos.<\/p>\n<p>(*) edi\u00e7\u00e3o do SBT, Novela \u201cA Garota da Moto\u201d, sujeito a altera\u00e7\u00e3o de data e conte\u00fado.<\/p>\n<p>Sinopse \u2013 Joana vive o dia a dia fascinante e perigoso das ruas, viadutos e vias expressas de S\u00e3o Paulo sobre duas rodas. Ela \u00e9 uma motogirl que faz parte desse ex\u00e9rcito de mais de 300 mil pessoas que cruzam a cidade transportando de tudo, todos os dias, o dia inteiro. Um ex\u00e9rcito que \u00e9, como todos, predominantemente masculino. Joana \u00e9 uma exce\u00e7\u00e3o: \u00e9 mulher, jovem, bonita e acima de tudo, \u00e9 corajosa.<\/p>\n<p>Joana se tornou aventureira porque se viu acuada, tendo que defender sozinha o seu filho de oito anos, Nico, contra gente muito poderosa. Nessa jornada, ela descobre for\u00e7as que nem sabia que tinha \u2013 como acontece tantas vezes com os verdadeiros her\u00f3is.<\/p>\n","protected":false},"excerpt":{"rendered":"<p>Resumo novela \u201cA Garota da Moto\u201d 29\/03: no cap\u00edtulo 018(*) da novela, sexta-feira, 29 de mar\u00e7o, La\u00e9rcio, um cliente da Mot\u00f3polis, chega reclamando que sua encomenda n\u00e3o chegou. Ele fica esperando l\u00e1, irritado, e quando a encomenda n\u00e3o chega ele recebe um telefonema de sua chefe e \u00e9 demitido. La\u00e9rcio perde a raz\u00e3o e come\u00e7a [&hellip;]<\/p>\n","protected":false},"author":4,"featured_media":90196,"comment_status":"open","ping_status":"closed","sticky":false,"template":"","format":"standard","meta":{"tdm_status":"","tdm_grid_status":"","footnotes":""},"categories":[379,372,343],"tags":[441],"class_list":{"0":"post-173367","1":"post","2":"type-post","3":"status-publish","4":"format-standard","5":"has-post-thumbnail","7":"category-novelas","8":"category-sbt","9":"category-televisao","10":"tag-resumo-do-dia"},"_links":{"self":[{"href":"https:\/\/migracao.redenoticia.com.br\/noticia\/wp-json\/wp\/v2\/posts\/173367","targetHints":{"allow":["GET"]}}],"collection":[{"href":"https:\/\/migracao.redenoticia.com.br\/noticia\/wp-json\/wp\/v2\/posts"}],"about":[{"href":"https:\/\/migracao.redenoticia.com.br\/noticia\/wp-json\/wp\/v2\/types\/post"}],"author":[{"embeddable":true,"href":"https:\/\/migracao.redenoticia.com.br\/noticia\/wp-json\/wp\/v2\/users\/4"}],"replies":[{"embeddable":true,"href":"https:\/\/migracao.redenoticia.com.br\/noticia\/wp-json\/wp\/v2\/comments?post=173367"}],"version-history":[{"count":0,"href":"https:\/\/migracao.redenoticia.com.br\/noticia\/wp-json\/wp\/v2\/posts\/173367\/revisions"}],"wp:featuredmedia":[{"embeddable":true,"href":"https:\/\/migracao.redenoticia.com.br\/noticia\/wp-json\/wp\/v2\/media\/90196"}],"wp:attachment":[{"href":"https:\/\/migracao.redenoticia.com.br\/noticia\/wp-json\/wp\/v2\/media?parent=173367"}],"wp:term":[{"taxonomy":"category","embeddable":true,"href":"https:\/\/migracao.redenoticia.com.br\/noticia\/wp-json\/wp\/v2\/categories?post=173367"},{"taxonomy":"post_tag","embeddable":true,"href":"https:\/\/migracao.redenoticia.com.br\/noticia\/wp-json\/wp\/v2\/tags?post=173367"}],"curies":[{"name":"wp","href":"https:\/\/api.w.org\/{rel}","templated":true}]}}