{"id":173393,"date":"2019-03-28T21:36:35","date_gmt":"2019-03-29T00:36:35","guid":{"rendered":"https:\/\/www.redenoticia.com.br\/noticia\/?p=173393"},"modified":"2019-03-28T22:07:51","modified_gmt":"2019-03-29T01:07:51","slug":"joao-termina-o-namoro-com-moana","status":"publish","type":"post","link":"https:\/\/migracao.redenoticia.com.br\/noticia\/2019\/joao-termina-o-namoro-com-moana\/173393","title":{"rendered":"Jo\u00e3o termina o namoro com Moana"},"content":{"rendered":"<p>Moana (Giovana Cordeiro) sofre uma decep\u00e7\u00e3o na novela <strong><em>\u201cVer\u00e3o 90\u201d<\/em><\/strong>. Nos pr\u00f3ximos cap\u00edtulos, Jo\u00e3o (Rafa Vitti) rompe seu relacionamento com Moana ap\u00f3s se reaproximar de Manuzita (Isabelle Drummond): \u201cMoana, eu gosto pacas de voc\u00ea, n\u00e3o queria te magoar\u2026\u201d. Moana decide seguir a vida: \u201cPara de drama, Jo\u00e3o. Voc\u00ea nunca mentiu\u2026 Eu sempre soube que voc\u00ea n\u00e3o tava apaixonado por mim\u2026 A gente curtiu um tempo, foi bacana, mas se chegou a hora de cada um tomar seu rumo, fazer o qu\u00ea?\u201d<\/p>\n<p><img loading=\"lazy\" decoding=\"async\" class=\"aligncenter size-large wp-image-167198\" src=\"https:\/\/migracao.redenoticia.com.br\/noticia\/imagens\/verao-90-resumo-globo-capitulos-394x300.jpg\" alt=\"\" width=\"394\" height=\"300\" srcset=\"https:\/\/migracao.redenoticia.com.br\/noticia\/imagens\/verao-90-resumo-globo-capitulos-394x300.jpg 394w, https:\/\/migracao.redenoticia.com.br\/noticia\/imagens\/verao-90-resumo-globo-capitulos-246x187.jpg 246w, https:\/\/migracao.redenoticia.com.br\/noticia\/imagens\/verao-90-resumo-globo-capitulos-560x426.jpg 560w, https:\/\/migracao.redenoticia.com.br\/noticia\/imagens\/verao-90-resumo-globo-capitulos.jpg 661w\" sizes=\"auto, (max-width: 394px) 100vw, 394px\" \/><\/p>\n<p>Jo\u00e3o declara: \u201cEu adoro ficar com voc\u00ea, te acho incr\u00edvel\u2026 Queria ter me apaixonado, de verdade\u2026 Mas n\u00e3o aconteceu\u2026 N\u00e3o t\u00f4 terminando por causa da Manu\u2026 A gente n\u00e3o t\u00e1 junto\u201d.<\/p>\n<p>Moana percebe que Jo\u00e3o ficou com Manu: \u201cValeu pela sinceridade\u2026 Agora me diz, quando foi que voc\u00ea e a Manu se entenderam? Vai querer me convencer que n\u00e3o rolou nada entre voc\u00eas?\u201d. Jo\u00e3o fica sem gra\u00e7a.<\/p>\n<p>Sinopse \u201cVer\u00e3o 90\u201d: O Rio de Janeiro da d\u00e9cada de 1990, a cultura efervescente da \u00e9poca, os acontecimentos sociais e pol\u00edticos, a m\u00fasica e a moda est\u00e3o presentes em \u2018Ver\u00e3o 90\u2019, uma com\u00e9dia rom\u00e2ntica, solar e musical, escrita por Izabel de Oliveira e Paula Amaral, com dire\u00e7\u00e3o art\u00edstica de Jorge Fernando.<\/p>\n","protected":false},"excerpt":{"rendered":"<p>Moana (Giovana Cordeiro) sofre uma decep\u00e7\u00e3o na novela \u201cVer\u00e3o 90\u201d. Nos pr\u00f3ximos cap\u00edtulos, Jo\u00e3o (Rafa Vitti) rompe seu relacionamento com Moana ap\u00f3s se reaproximar de Manuzita (Isabelle Drummond): \u201cMoana, eu gosto pacas de voc\u00ea, n\u00e3o queria te magoar\u2026\u201d. Moana decide seguir a vida: \u201cPara de drama, Jo\u00e3o. Voc\u00ea nunca mentiu\u2026 Eu sempre soube que voc\u00ea [&hellip;]<\/p>\n","protected":false},"author":2,"featured_media":167197,"comment_status":"open","ping_status":"closed","sticky":false,"template":"","format":"standard","meta":{"tdm_status":"","tdm_grid_status":"","footnotes":""},"categories":[388,379,375,343,536],"tags":[440],"class_list":{"0":"post-173393","1":"post","2":"type-post","3":"status-publish","4":"format-standard","5":"has-post-thumbnail","7":"category-destaques","8":"category-novelas","9":"category-rede-globo","10":"category-televisao","11":"category-verao-90","12":"tag-noticia-novela"},"_links":{"self":[{"href":"https:\/\/migracao.redenoticia.com.br\/noticia\/wp-json\/wp\/v2\/posts\/173393","targetHints":{"allow":["GET"]}}],"collection":[{"href":"https:\/\/migracao.redenoticia.com.br\/noticia\/wp-json\/wp\/v2\/posts"}],"about":[{"href":"https:\/\/migracao.redenoticia.com.br\/noticia\/wp-json\/wp\/v2\/types\/post"}],"author":[{"embeddable":true,"href":"https:\/\/migracao.redenoticia.com.br\/noticia\/wp-json\/wp\/v2\/users\/2"}],"replies":[{"embeddable":true,"href":"https:\/\/migracao.redenoticia.com.br\/noticia\/wp-json\/wp\/v2\/comments?post=173393"}],"version-history":[{"count":0,"href":"https:\/\/migracao.redenoticia.com.br\/noticia\/wp-json\/wp\/v2\/posts\/173393\/revisions"}],"wp:featuredmedia":[{"embeddable":true,"href":"https:\/\/migracao.redenoticia.com.br\/noticia\/wp-json\/wp\/v2\/media\/167197"}],"wp:attachment":[{"href":"https:\/\/migracao.redenoticia.com.br\/noticia\/wp-json\/wp\/v2\/media?parent=173393"}],"wp:term":[{"taxonomy":"category","embeddable":true,"href":"https:\/\/migracao.redenoticia.com.br\/noticia\/wp-json\/wp\/v2\/categories?post=173393"},{"taxonomy":"post_tag","embeddable":true,"href":"https:\/\/migracao.redenoticia.com.br\/noticia\/wp-json\/wp\/v2\/tags?post=173393"}],"curies":[{"name":"wp","href":"https:\/\/api.w.org\/{rel}","templated":true}]}}