{"id":17340,"date":"2009-11-13T23:10:17","date_gmt":"2009-11-14T03:10:17","guid":{"rendered":"http:\/\/www.redenoticia.com.br\/noticia\/?p=17340"},"modified":"2009-11-13T23:10:17","modified_gmt":"2009-11-14T03:10:17","slug":"fecomercio-e-contra-criacao-do-sat-fiscal","status":"publish","type":"post","link":"https:\/\/migracao.redenoticia.com.br\/noticia\/2009\/fecomercio-e-contra-criacao-do-sat-fiscal\/17340","title":{"rendered":"Fecomercio \u00e9 contra cria\u00e7\u00e3o do SAT Fiscal"},"content":{"rendered":"<p>A Fecomercio acaba de enviar um Of\u00edcio ao Governo do Estado SPcontra a implementa\u00e7\u00e3o do<strong> SAT Fiscal<\/strong>, o Sistema Autenticador e Transmissor de Cupons Fiscais Eletr\u00f4nicos. O sistema vai onerar empresas do com\u00e9rcio que n\u00e3o atuam com <strong>Nota Fiscal Eletr\u00f4nica<\/strong> em quase R$ 8 mil sem qualquer subs\u00eddio ou contrapartida do governo.\u00a0<\/p>\n<p>Vale lembrar que, um ano atr\u00e1s, enviou \u00e0 Secretaria da Fazenda do Estado de S\u00e3o Paulo a proposta (Projeto Empresarial e Moderniza\u00e7\u00e3o Tecnol\u00f3gica para Empresas de Pequeno Porte), similar ao SAT Fiscal, por\u00e9m com custo de apenas R$ 1 mil. Sem resposta do Governo e com a previs\u00e3o da implementa\u00e7\u00e3o do Projeto SAT-Fiscal para janeiro de 2010, a Federa\u00e7\u00e3o defende a retomada da proposta sugerida pelas entidades do setor.<\/p>\n<p>&#8220;O subs\u00eddio \u00e9 um direito do empres\u00e1rio, j\u00e1 que a fiscaliza\u00e7\u00e3o \u00e9 obriga\u00e7\u00e3o do Estado&#8221;, defende Abram Szajman, presidente da Fecomercio. Para a entidade, as micro e pequenas empresas n\u00e3o podem arcar com mais este custo. A Fecomercio lembra que, al\u00e9m de terem perdido os benef\u00edcios fiscais do Simples Paulista com a situa\u00e7\u00e3o agravada pela implementa\u00e7\u00e3o do regime de substitui\u00e7\u00e3o tribut\u00e1ria do Imposto sobre Circula\u00e7\u00e3o de Mercadorias e Presta\u00e7\u00e3o de Servi\u00e7os (ICMS), os pequenos e m\u00e9dios empres\u00e1rios recebem tratamento similar \u00e0s grandes empresas de varejo, que t\u00eam menos dificuldades nas in\u00fameras obriga\u00e7\u00f5es acess\u00f3rias dos fiscos Federal, Estadual e Municipal.<br \/>\nSobre a Fecomercio<\/p>\n<p>A Fecomercio (Federa\u00e7\u00e3o do Com\u00e9rcio do Estado de S\u00e3o Paulo) \u00e9 a principal entidade sindical paulista dos setores de com\u00e9rcio e servi\u00e7os. Representa 152 sindicatos patronais, que abrangem cerca de 600 mil empresas e respondem por 11% do PIB paulista &#8211; cerca de 4% do PIB brasileiro &#8211; gerando em torno de cinco milh\u00f5es de empregos.<\/p>\n","protected":false},"excerpt":{"rendered":"<p>A Fecomercio acaba de enviar um Of\u00edcio ao Governo do Estado SPcontra a implementa\u00e7\u00e3o do SAT Fiscal, o Sistema Autenticador e Transmissor de Cupons Fiscais Eletr\u00f4nicos. O sistema vai onerar empresas do com\u00e9rcio que n\u00e3o atuam com Nota Fiscal Eletr\u00f4nica em quase R$ 8 mil sem qualquer subs\u00eddio ou contrapartida do governo.\u00a0 Vale lembrar que, [&hellip;]<\/p>\n","protected":false},"author":3,"featured_media":0,"comment_status":"open","ping_status":"open","sticky":false,"template":"","format":"standard","meta":{"tdm_status":"","tdm_grid_status":"","footnotes":""},"categories":[22],"tags":[],"class_list":{"0":"post-17340","1":"post","2":"type-post","3":"status-publish","4":"format-standard","6":"category-brasil"},"_links":{"self":[{"href":"https:\/\/migracao.redenoticia.com.br\/noticia\/wp-json\/wp\/v2\/posts\/17340","targetHints":{"allow":["GET"]}}],"collection":[{"href":"https:\/\/migracao.redenoticia.com.br\/noticia\/wp-json\/wp\/v2\/posts"}],"about":[{"href":"https:\/\/migracao.redenoticia.com.br\/noticia\/wp-json\/wp\/v2\/types\/post"}],"author":[{"embeddable":true,"href":"https:\/\/migracao.redenoticia.com.br\/noticia\/wp-json\/wp\/v2\/users\/3"}],"replies":[{"embeddable":true,"href":"https:\/\/migracao.redenoticia.com.br\/noticia\/wp-json\/wp\/v2\/comments?post=17340"}],"version-history":[{"count":0,"href":"https:\/\/migracao.redenoticia.com.br\/noticia\/wp-json\/wp\/v2\/posts\/17340\/revisions"}],"wp:attachment":[{"href":"https:\/\/migracao.redenoticia.com.br\/noticia\/wp-json\/wp\/v2\/media?parent=17340"}],"wp:term":[{"taxonomy":"category","embeddable":true,"href":"https:\/\/migracao.redenoticia.com.br\/noticia\/wp-json\/wp\/v2\/categories?post=17340"},{"taxonomy":"post_tag","embeddable":true,"href":"https:\/\/migracao.redenoticia.com.br\/noticia\/wp-json\/wp\/v2\/tags?post=17340"}],"curies":[{"name":"wp","href":"https:\/\/api.w.org\/{rel}","templated":true}]}}