{"id":17346,"date":"2009-11-14T11:18:12","date_gmt":"2009-11-14T15:18:12","guid":{"rendered":"http:\/\/www.redenoticia.com.br\/noticia\/?p=17346"},"modified":"2009-11-17T22:43:40","modified_gmt":"2009-11-18T02:43:40","slug":"rede-record-%e2%80%93-jurados-e-apresentador-idolos-2009-falam-de-duarte","status":"publish","type":"post","link":"https:\/\/migracao.redenoticia.com.br\/noticia\/2009\/rede-record-%e2%80%93-jurados-e-apresentador-idolos-2009-falam-de-duarte\/17346","title":{"rendered":"Rede Record \u2013 Jurados e Apresentador \u00cddolos 2009 falam de Duarte"},"content":{"rendered":"<p><strong><em><img loading=\"lazy\" decoding=\"async\" class=\"alignleft size-full wp-image-17348\" title=\"idolos 2009 rede record duarte\" src=\"https:\/\/migracao.redenoticia.com.br\/noticia\/imagens\/idolos-2009-rede-record-duarte.jpg\" alt=\"idolos 2009 rede record duarte\" width=\"300\" height=\"193\" srcset=\"https:\/\/migracao.redenoticia.com.br\/noticia\/imagens\/idolos-2009-rede-record-duarte.jpg 300w, https:\/\/migracao.redenoticia.com.br\/noticia\/imagens\/idolos-2009-rede-record-duarte-250x160.jpg 250w, https:\/\/migracao.redenoticia.com.br\/noticia\/imagens\/idolos-2009-rede-record-duarte-150x96.jpg 150w\" sizes=\"auto, (max-width: 300px) 100vw, 300px\" \/>Rede Record<\/em><\/strong> \u2013 no programa ao vivo <strong><em>\u00cddolos 2009<\/em><\/strong> Rede Record desta quinta-feira (12\/11), o candidato Marcos <strong>Duarte<\/strong> desistiu do programa. O motivo alegado pelo Duarte foi o nervosismo que estaria afetando sua sa\u00fade. A decis\u00e3o pegou todos de surpresa e provocou os mais diversos sentimentos em todas as pessoas envolvidas. O apresentador Rodrigo Faro e os Jurados \u00cddolos 2009 Rede Record comentaram sobre o Duarte em Blogs e Twitter.<\/p>\n<p>Blog do Rodrigo Faro Apresentador \u00cddolos 2009 Rede Record \u2013 \u201cPegou todo mundo de surpresa. Uma desist\u00eancia em um programa ao vivo. Fiquei sem palavras na hora, muito surpreso. Perguntei v\u00e1rias vezes ao Marcos se ele realmente queria isso. O Brasil todo, que votava nele, deve estar triste. Mas se era a vontade dele, se ele n\u00e3o se sentia bem, se n\u00e3o suportava a press\u00e3o, que seja feita a vontade. Depois, nos bastidores, ele me confesou que estava com muita saudade de Santa Quit\u00e9ria (CE), sua terra, e que estava tendo problemas com o nervosismo. Ele disse que chegava a passar mal de ansiedade.\u00a0Mas acho que, mesmo desistindo, o Marcos vai vencer na carreira. Acredito que, em breve, ele vai lan\u00e7ar seu disco, porque \u00e9 um cara de muita popularidade.\u201d<\/p>\n<p>Twitter Paula Lima Jurada \u00cddolos 2009 Rede Record \u2013 \u201cNao gostei dele ter sa\u00eddo dessa forma!!! Sinceramente isso n\u00e3o foi legal! To triste!!! \u00a0Espero que ele encontre seu caminho!!! Desejo toda sorte do mundo!!!! Duarte h\u00e1 tempos n\u00e3o estava feliz! Todos somos livres e temos o direito de tomar nossas pr\u00f3prias decis\u00f5es, mesmo q alguns \u00f1 concordem!\u201d<\/p>\n<p>Twitter Calainho Jurado \u00cddolos 2009 Rede Record \u2013 \u201cSobre o Marcos Duarte: minhas cr\u00edticas nunca foram direcionadas a pessoa dele, mas sim a sua disparidade t\u00e9cnica e art\u00edstica com rela\u00e7\u00e3o aos outros candidatos. Ontem ele provou ao Brasil q n\u00e3o estava nada confort\u00e1vel na competi\u00e7\u00e3o. Porque? Porque n\u00e3o deseja ser um \u00eddolo esse n\u00e3o \u00e9 o sonho dele. Ali\u00e1s, desde a fase do Teatro (muito antes das minhas cr\u00edticas) ele desejava deixar a competi\u00e7\u00e3o. Portanto Brasil, vamos apoiar quem DE FATO est\u00e1 em busca de um sonho e n\u00e3o, quem por ironia do destino, se v\u00ea, sem desejar, em uma competi\u00e7\u00e3o &#8230;.. de talentos. Atrav\u00e9s da sua atitude, M.Duarte atestou tudo o q eu vinha comentando a respeito dele. E POR FAVOR, n\u00e3o me venham com o \u00a0texto &#8220;&#8230; Deixou a competi\u00e7\u00e3o por press\u00e3o do Calainho &#8230;&#8221; Deixou SIM, porque foi verdadeiro com ele mesmo. PONTO! Vamos em frente com nosso Idolos, afinal, temos 6 grandes finalistas. ADIANTE E AVANTE. BJS!!!! Mais um ponto que j\u00e1 comentei aqui sobre o Marcos Duarte: Tanto na audi\u00e7\u00e3o como na fase do Teatro votei &#8220;n\u00e3o&#8221; para ele. Coer\u00eancia SEMPRE!! \u201c<\/p>\n<p>Blog do Marco Camargo Jurado \u00cddolos 2009 Rede Record \u2013 \u201cEm primeiro lugar quero cumprimentar o Marcos Duarte pela atitude de um verdadeiro homem de car\u00e1ter, porque ele \u00e9 aquele que toma as atitudes e que acredita ser bom.\u00a0O que mostra que de sem no\u00e7\u00e3o ele n\u00e3o tem nada \u2026. Ao contr\u00e1rio ele \u00e9 coerente racional, independente da sua qualifica\u00e7\u00e3o art\u00edstica\u2026.Acho que as pessoas votaram pela sua hist\u00f3ria de vida?\u00a0Sim!Acho que as pessoas votaram no estilo sertanejo? Sim!\u00a0Mas seria hipocrisia n\u00e3o achar que a maioria votou no seu carisma, que \u00e9 fundamental para se tornar um \u00eddolo.\u201d<\/p>\n<p>Fonte Rede Record &#8211; \u00cddolos 2009 &#8211; Blog e Twitter<\/p>\n","protected":false},"excerpt":{"rendered":"<p>Rede Record \u2013 no programa ao vivo \u00cddolos 2009 Rede Record desta quinta-feira (12\/11), o candidato Marcos Duarte desistiu do programa. O motivo alegado pelo Duarte foi o nervosismo que estaria afetando sua sa\u00fade. A decis\u00e3o pegou todos de surpresa e provocou os mais diversos sentimentos em todas as pessoas envolvidas. O apresentador Rodrigo Faro [&hellip;]<\/p>\n","protected":false},"author":3,"featured_media":0,"comment_status":"open","ping_status":"open","sticky":false,"template":"","format":"standard","meta":{"tdm_status":"","tdm_grid_status":"","footnotes":""},"categories":[22,371,343],"tags":[],"class_list":{"0":"post-17346","1":"post","2":"type-post","3":"status-publish","4":"format-standard","6":"category-brasil","7":"category-rede-record","8":"category-televisao"},"_links":{"self":[{"href":"https:\/\/migracao.redenoticia.com.br\/noticia\/wp-json\/wp\/v2\/posts\/17346","targetHints":{"allow":["GET"]}}],"collection":[{"href":"https:\/\/migracao.redenoticia.com.br\/noticia\/wp-json\/wp\/v2\/posts"}],"about":[{"href":"https:\/\/migracao.redenoticia.com.br\/noticia\/wp-json\/wp\/v2\/types\/post"}],"author":[{"embeddable":true,"href":"https:\/\/migracao.redenoticia.com.br\/noticia\/wp-json\/wp\/v2\/users\/3"}],"replies":[{"embeddable":true,"href":"https:\/\/migracao.redenoticia.com.br\/noticia\/wp-json\/wp\/v2\/comments?post=17346"}],"version-history":[{"count":0,"href":"https:\/\/migracao.redenoticia.com.br\/noticia\/wp-json\/wp\/v2\/posts\/17346\/revisions"}],"wp:attachment":[{"href":"https:\/\/migracao.redenoticia.com.br\/noticia\/wp-json\/wp\/v2\/media?parent=17346"}],"wp:term":[{"taxonomy":"category","embeddable":true,"href":"https:\/\/migracao.redenoticia.com.br\/noticia\/wp-json\/wp\/v2\/categories?post=17346"},{"taxonomy":"post_tag","embeddable":true,"href":"https:\/\/migracao.redenoticia.com.br\/noticia\/wp-json\/wp\/v2\/tags?post=17346"}],"curies":[{"name":"wp","href":"https:\/\/api.w.org\/{rel}","templated":true}]}}