{"id":1735,"date":"2009-05-18T13:29:16","date_gmt":"2009-05-18T17:29:16","guid":{"rendered":"http:\/\/www.redenoticia.com.br\/noticia\/?p=1735"},"modified":"2009-05-18T13:29:16","modified_gmt":"2009-05-18T17:29:16","slug":"talento-do-brasil-brilha-em-cannes","status":"publish","type":"post","link":"https:\/\/migracao.redenoticia.com.br\/noticia\/2009\/talento-do-brasil-brilha-em-cannes\/1735","title":{"rendered":"Talento do Brasil brilha em Cannes"},"content":{"rendered":"<p><span style=\"font-family: Arial;\"><a href=\"https:\/\/migracao.redenoticia.com.br\/noticia\/imagens\/\/cannes.jpg\"><img loading=\"lazy\" decoding=\"async\" class=\"alignleft size-medium wp-image-1734\" title=\"cannes\" src=\"https:\/\/migracao.redenoticia.com.br\/noticia\/imagens\/\/cannes-249x187.jpg\" alt=\"cannes\" width=\"249\" height=\"187\" \/><\/a>Seu trabalho de conclus\u00e3o de curso \u00e9 o filme <em>Espalhadas pelo ar<\/em>. Com ele, a cineasta Vera Egito n\u00e3o conseguiu apenas se formar na Escola de Comunica\u00e7\u00f5es e Artes (ECA) da Universidade de S\u00e3o Paulo (USP). A diretora de 25 anos conquistou os cr\u00edticos franceses e se tornou um dos grandes destaques da mais antiga mostra paralela do Festival de Cannes, a \u201cSemana da Cr\u00edtica\u201d.<\/span><\/p>\n<p class=\"MsoNormal\" style=\"background: white none repeat scroll 0%;\"><span style=\"font-family: Arial;\">O \u201cjovem talento promissor\u201d, como foi apresentada no festival, recebeu convite tanto para abrir como para encerrar a mostra, que se iniciou com seu primeiro curta-metragem, <em>Elo<\/em>, e se encerrar\u00e1 com <em>Espalhadas pelo ar<\/em>.<\/span><\/p>\n<p class=\"MsoNormal\" style=\"background: white none repeat scroll 0%;\"><span style=\"font-family: Arial;\">De acordo com Esther Hamburger, chefe do Departamento de Cinema, R\u00e1dio e Televis\u00e3o da ECA, raramente um filme produzido na gradua\u00e7\u00e3o ganha uma proje\u00e7\u00e3o de tais dimens\u00f5es no mais importante festival de cinema do mundo.<\/span><\/p>\n<p class=\"MsoNormal\" style=\"background: white none repeat scroll 0%;\"><span style=\"font-family: Arial;\">Segundo a professora, a mostra, organizada desde 1962 pelo Sindicato Franc\u00eas dos Cr\u00edticos de Cinema, tem uma curadoria espec\u00edfica conhecida por seu rigor na sele\u00e7\u00e3o dos filmes. A \u201cSemana da Cr\u00edtica\u201d \u00e9 focada no segmento de jovens talentos promissores.<\/span><\/p>\n<p class=\"MsoNormal\" style=\"background: white none repeat scroll 0%;\"><em><span style=\"font-family: Arial;\">Espalhadas pelo ar<\/span><\/em><span style=\"font-family: Arial;\"> conta a rela\u00e7\u00e3o entre uma menina de 14 anos, que est\u00e1 vivenciando seu primeiro amor, e sua vizinha, de 30 anos, que percebe que seu casamento chegou ao fim. Um grupo de garotas se esconde na escadaria de um pr\u00e9dio para fumar cigarros. Elas se despem para evitar que o cheiro da fuma\u00e7a fique impregnado na roupa. A vizinha mais velha, ao encontr\u00e1-las, reencontra o caminho para sua liberdade.<\/span><\/p>\n<p class=\"MsoNormal\" style=\"background: white none repeat scroll 0%;\"><span style=\"font-family: Arial;\">Ag\u00eancia FAPESP<\/span><span style=\"font-family: Arial;\"> \u2013 <span>Por F\u00e1bio de Castro<\/span><\/span><\/p>\n","protected":false},"excerpt":{"rendered":"<p>Seu trabalho de conclus\u00e3o de curso \u00e9 o filme Espalhadas pelo ar. Com ele, a cineasta Vera Egito n\u00e3o conseguiu apenas se formar na Escola de Comunica\u00e7\u00f5es e Artes (ECA) da Universidade de S\u00e3o Paulo (USP). A diretora de 25 anos conquistou os cr\u00edticos franceses e se tornou um dos grandes destaques da mais antiga [&hellip;]<\/p>\n","protected":false},"author":3,"featured_media":0,"comment_status":"open","ping_status":"open","sticky":false,"template":"","format":"standard","meta":{"tdm_status":"","tdm_grid_status":"","footnotes":""},"categories":[22],"tags":[],"class_list":{"0":"post-1735","1":"post","2":"type-post","3":"status-publish","4":"format-standard","6":"category-brasil"},"_links":{"self":[{"href":"https:\/\/migracao.redenoticia.com.br\/noticia\/wp-json\/wp\/v2\/posts\/1735","targetHints":{"allow":["GET"]}}],"collection":[{"href":"https:\/\/migracao.redenoticia.com.br\/noticia\/wp-json\/wp\/v2\/posts"}],"about":[{"href":"https:\/\/migracao.redenoticia.com.br\/noticia\/wp-json\/wp\/v2\/types\/post"}],"author":[{"embeddable":true,"href":"https:\/\/migracao.redenoticia.com.br\/noticia\/wp-json\/wp\/v2\/users\/3"}],"replies":[{"embeddable":true,"href":"https:\/\/migracao.redenoticia.com.br\/noticia\/wp-json\/wp\/v2\/comments?post=1735"}],"version-history":[{"count":0,"href":"https:\/\/migracao.redenoticia.com.br\/noticia\/wp-json\/wp\/v2\/posts\/1735\/revisions"}],"wp:attachment":[{"href":"https:\/\/migracao.redenoticia.com.br\/noticia\/wp-json\/wp\/v2\/media?parent=1735"}],"wp:term":[{"taxonomy":"category","embeddable":true,"href":"https:\/\/migracao.redenoticia.com.br\/noticia\/wp-json\/wp\/v2\/categories?post=1735"},{"taxonomy":"post_tag","embeddable":true,"href":"https:\/\/migracao.redenoticia.com.br\/noticia\/wp-json\/wp\/v2\/tags?post=1735"}],"curies":[{"name":"wp","href":"https:\/\/api.w.org\/{rel}","templated":true}]}}