{"id":173523,"date":"2019-03-30T19:02:20","date_gmt":"2019-03-30T22:02:20","guid":{"rendered":"https:\/\/www.redenoticia.com.br\/noticia\/?p=173523"},"modified":"2019-03-30T19:02:22","modified_gmt":"2019-03-30T22:02:22","slug":"resumo-novela-cordel-encantado-01-04-petrus-e-florinda-se-beijam","status":"publish","type":"post","link":"https:\/\/migracao.redenoticia.com.br\/noticia\/2019\/resumo-novela-cordel-encantado-01-04-petrus-e-florinda-se-beijam\/173523","title":{"rendered":"Resumo novela \u201cCordel Encantado\u201d 01\/04: Petrus e Florinda se beijam"},"content":{"rendered":"<p><img loading=\"lazy\" decoding=\"async\" class=\"aligncenter size-large wp-image-165214\" src=\"https:\/\/migracao.redenoticia.com.br\/noticia\/imagens\/cordel-004-319x300.jpg\" alt=\"\" width=\"319\" height=\"300\" srcset=\"https:\/\/migracao.redenoticia.com.br\/noticia\/imagens\/cordel-004-319x300.jpg 319w, https:\/\/migracao.redenoticia.com.br\/noticia\/imagens\/cordel-004-199x187.jpg 199w, https:\/\/migracao.redenoticia.com.br\/noticia\/imagens\/cordel-004-150x141.jpg 150w, https:\/\/migracao.redenoticia.com.br\/noticia\/imagens\/cordel-004.jpg 669w, https:\/\/migracao.redenoticia.com.br\/noticia\/imagens\/cordel-004-560x527.jpg 560w\" sizes=\"auto, (max-width: 319px) 100vw, 319px\" \/><strong><em>Resumo novela \u201cCordel Encantado\u201d 01\/04 <\/em><\/strong>: no cap\u00edtulo 054(*) da novela, resumo de segunda-feira, 01 de abril, Dora afirma a Jesu\u00edno que vai lutar para conquistar seu amor. Zen\u00f3bio n\u00e3o gosta de ver a afli\u00e7\u00e3o de Florinda por causa de Petrus. Felipe se aborrece ao saber o castigo que Tim\u00f3teo deu a Augusto e Petrus. Nidinho pede a Ternurinha que o deixe procurar o registro de sua m\u00e3e no gabinete do prefeito.<\/p>\n<p>Cec\u00edlia pede que Baldini volte a ser amigo do rei. Neusa concorda com Ant\u00f4nia ao afirmar que Bator\u00e9 deve ficar contra Tim\u00f3teo. Jesu\u00edno, Herculano e Dora convocam o povo de Vila da Cruz a lutar contra o novo rei. A\u00e7ucena quer participar da retomada do pal\u00e1cio, mas Jesu\u00edno n\u00e3o deixa. \u00darsula e Baldini ficam at\u00f4nitos com os del\u00edrios de Tim\u00f3teo. Petrus e Florinda se beijam.<\/p>\n<p>Herculano aconselha Jesu\u00edno a ficar com Dora. \u00darsula sente saudades do capit\u00e3o. Maria Ces\u00e1ria conforta Augusto. Lilica e Tibungo se beijam. Helena percebe a intimidade entre Z\u00f3io-Furado e Ternurinha. Tim\u00f3teo avisa a T\u00e9inha que todas as crian\u00e7as devem pagar a ele uma mensalidade para estudar. Jesu\u00edno combina com Ademar de reunir o povo de Brogod\u00f3 e Vila da Cruz no cinema.<\/p>\n<p>Farid tenta entrar no quarto de Pen\u00e9lope, mas Bel o expulsa. Bator\u00e9 convida Ant\u00f4nia para ver uma fita. Tim\u00f3teo leva Z\u00f3io-Furado para recolher o dinheiro dos comerciantes. A\u00e7ucena reza com Virtuosa. Bator\u00e9 desconfia por n\u00e3o conseguir entrar no cinema e conta a Tim\u00f3teo que algo est\u00e1 acontecendo l\u00e1 dentro.<\/p>\n<p>(*) edi\u00e7\u00e3o da Rede Globo, Novela \u201cCordel Encantado\u201d, sujeito a altera\u00e7\u00e3o de data e conte\u00fado.<\/p>\n<p>Sinopse \u201cCordel Encantado\u201d: Vendo o marido muito ferido, depois de mais uma terr\u00edvel batalha, a rainha Helena (Mariana Lima) vai ao castelo inimigo amaldi\u00e7oar toda a fam\u00edlia do rei Augusto. Faz isso gr\u00e1vida de In\u00e1cio (Maur\u00edcio Destri) e acompanhada de seu filho mais velho, Felipe (Jayme Matarazzo). O monarca se comove com a dor de Helena e, por sugest\u00e3o de Cristina, prop\u00f5e um acordo a Teobaldo, ferido mortalmente: seus primog\u00eanitos Aurora e Felipe devem se casar quando atingirem a maior idade, unificando e trazendo paz aos dois estados. Teobaldo aceita o acordo e morre logo depois. As duas crian\u00e7as s\u00e3o apresentadas publicamente como os futuros reis de Ser\u00e1fia.<\/p>\n","protected":false},"excerpt":{"rendered":"<p>Resumo novela \u201cCordel Encantado\u201d 01\/04 : no cap\u00edtulo 054(*) da novela, resumo de segunda-feira, 01 de abril, Dora afirma a Jesu\u00edno que vai lutar para conquistar seu amor. Zen\u00f3bio n\u00e3o gosta de ver a afli\u00e7\u00e3o de Florinda por causa de Petrus. Felipe se aborrece ao saber o castigo que Tim\u00f3teo deu a Augusto e Petrus. [&hellip;]<\/p>\n","protected":false},"author":2,"featured_media":165215,"comment_status":"open","ping_status":"closed","sticky":false,"template":"","format":"standard","meta":{"tdm_status":"","tdm_grid_status":"","footnotes":""},"categories":[535,379,375,343],"tags":[441],"class_list":{"0":"post-173523","1":"post","2":"type-post","3":"status-publish","4":"format-standard","5":"has-post-thumbnail","7":"category-cordel-encantado","8":"category-novelas","9":"category-rede-globo","10":"category-televisao","11":"tag-resumo-do-dia"},"_links":{"self":[{"href":"https:\/\/migracao.redenoticia.com.br\/noticia\/wp-json\/wp\/v2\/posts\/173523","targetHints":{"allow":["GET"]}}],"collection":[{"href":"https:\/\/migracao.redenoticia.com.br\/noticia\/wp-json\/wp\/v2\/posts"}],"about":[{"href":"https:\/\/migracao.redenoticia.com.br\/noticia\/wp-json\/wp\/v2\/types\/post"}],"author":[{"embeddable":true,"href":"https:\/\/migracao.redenoticia.com.br\/noticia\/wp-json\/wp\/v2\/users\/2"}],"replies":[{"embeddable":true,"href":"https:\/\/migracao.redenoticia.com.br\/noticia\/wp-json\/wp\/v2\/comments?post=173523"}],"version-history":[{"count":0,"href":"https:\/\/migracao.redenoticia.com.br\/noticia\/wp-json\/wp\/v2\/posts\/173523\/revisions"}],"wp:featuredmedia":[{"embeddable":true,"href":"https:\/\/migracao.redenoticia.com.br\/noticia\/wp-json\/wp\/v2\/media\/165215"}],"wp:attachment":[{"href":"https:\/\/migracao.redenoticia.com.br\/noticia\/wp-json\/wp\/v2\/media?parent=173523"}],"wp:term":[{"taxonomy":"category","embeddable":true,"href":"https:\/\/migracao.redenoticia.com.br\/noticia\/wp-json\/wp\/v2\/categories?post=173523"},{"taxonomy":"post_tag","embeddable":true,"href":"https:\/\/migracao.redenoticia.com.br\/noticia\/wp-json\/wp\/v2\/tags?post=173523"}],"curies":[{"name":"wp","href":"https:\/\/api.w.org\/{rel}","templated":true}]}}