{"id":1736,"date":"2009-05-18T13:36:59","date_gmt":"2009-05-18T17:36:59","guid":{"rendered":"http:\/\/www.redenoticia.com.br\/noticia\/?p=1736"},"modified":"2009-05-20T11:36:18","modified_gmt":"2009-05-20T15:36:18","slug":"dedetizacao-cara-em-gabinete-petista","status":"publish","type":"post","link":"https:\/\/migracao.redenoticia.com.br\/noticia\/2009\/dedetizacao-cara-em-gabinete-petista\/1736","title":{"rendered":"Coluna Claudio Humberto &#8211; Dedetiza\u00e7\u00e3o cara em gabinete petista"},"content":{"rendered":"<p><span style=\"border-collapse: separate; color: #555555; font-family: Arial; font-size: 14px; font-style: normal; font-variant: normal; font-weight: normal; letter-spacing: normal; line-height: normal; orphans: 2; text-indent: 0px; text-transform: none; white-space: normal; widows: 2; word-spacing: 0px;\">O Di\u00e1rio Oficial do Munic\u00edpio de Porto Velho publicou no \u00faltimo dia 04\/05\/2009 o termo de libera\u00e7\u00e3o n\u00ba 03\/2009, para a empresa Conservi\u00e7os &#8211; Servi\u00e7os de Limpeza Conserva\u00e7\u00e3o LTDA. O objeto da libera\u00e7\u00e3o \u00e9 a dedetiza\u00e7\u00e3o do gabinete do prefeito Sobrinho (PT). O valor do servi\u00e7o chama a aten\u00e7\u00e3o. Nada mais nada menos do que R$ 7.000,00.<span> <\/span><br style=\"margin: 0px; padding: 0px; font-family: Arial,Helvetica,sans-serif;\" \/><\/span>Fonte: Coluna Claudio Humberto<\/p>\n<p><a href=\"https:\/\/migracao.redenoticia.com.br\/noticia\/?p=1797\">Veja nota da prefeitura<\/a><\/p>\n","protected":false},"excerpt":{"rendered":"<p>O Di\u00e1rio Oficial do Munic\u00edpio de Porto Velho publicou no \u00faltimo dia 04\/05\/2009 o termo de libera\u00e7\u00e3o n\u00ba 03\/2009, para a empresa Conservi\u00e7os &#8211; Servi\u00e7os de Limpeza Conserva\u00e7\u00e3o LTDA. O objeto da libera\u00e7\u00e3o \u00e9 a dedetiza\u00e7\u00e3o do gabinete do prefeito Sobrinho (PT). O valor do servi\u00e7o chama a aten\u00e7\u00e3o. Nada mais nada menos do que [&hellip;]<\/p>\n","protected":false},"author":2,"featured_media":0,"comment_status":"open","ping_status":"open","sticky":false,"template":"","format":"standard","meta":{"tdm_status":"","tdm_grid_status":"","footnotes":""},"categories":[22],"tags":[],"class_list":{"0":"post-1736","1":"post","2":"type-post","3":"status-publish","4":"format-standard","6":"category-brasil"},"_links":{"self":[{"href":"https:\/\/migracao.redenoticia.com.br\/noticia\/wp-json\/wp\/v2\/posts\/1736","targetHints":{"allow":["GET"]}}],"collection":[{"href":"https:\/\/migracao.redenoticia.com.br\/noticia\/wp-json\/wp\/v2\/posts"}],"about":[{"href":"https:\/\/migracao.redenoticia.com.br\/noticia\/wp-json\/wp\/v2\/types\/post"}],"author":[{"embeddable":true,"href":"https:\/\/migracao.redenoticia.com.br\/noticia\/wp-json\/wp\/v2\/users\/2"}],"replies":[{"embeddable":true,"href":"https:\/\/migracao.redenoticia.com.br\/noticia\/wp-json\/wp\/v2\/comments?post=1736"}],"version-history":[{"count":0,"href":"https:\/\/migracao.redenoticia.com.br\/noticia\/wp-json\/wp\/v2\/posts\/1736\/revisions"}],"wp:attachment":[{"href":"https:\/\/migracao.redenoticia.com.br\/noticia\/wp-json\/wp\/v2\/media?parent=1736"}],"wp:term":[{"taxonomy":"category","embeddable":true,"href":"https:\/\/migracao.redenoticia.com.br\/noticia\/wp-json\/wp\/v2\/categories?post=1736"},{"taxonomy":"post_tag","embeddable":true,"href":"https:\/\/migracao.redenoticia.com.br\/noticia\/wp-json\/wp\/v2\/tags?post=1736"}],"curies":[{"name":"wp","href":"https:\/\/api.w.org\/{rel}","templated":true}]}}