{"id":173637,"date":"2019-04-01T14:45:25","date_gmt":"2019-04-01T17:45:25","guid":{"rendered":"https:\/\/www.redenoticia.com.br\/noticia\/?p=173637"},"modified":"2019-04-01T14:45:27","modified_gmt":"2019-04-01T17:45:27","slug":"resumo-novela-a-dona-01-04-valentina-cresce-com-a-prima-ivana","status":"publish","type":"post","link":"https:\/\/migracao.redenoticia.com.br\/noticia\/2019\/resumo-novela-a-dona-01-04-valentina-cresce-com-a-prima-ivana\/173637","title":{"rendered":"Resumo novela \u201cA Dona\u201d 01\/04: Valentina cresce com a prima Ivana"},"content":{"rendered":"<p><img loading=\"lazy\" decoding=\"async\" class=\"aligncenter size-large wp-image-173633\" src=\"https:\/\/migracao.redenoticia.com.br\/noticia\/imagens\/a-dona-270x300.jpg\" alt=\"\" width=\"270\" height=\"300\" srcset=\"https:\/\/migracao.redenoticia.com.br\/noticia\/imagens\/a-dona-270x300.jpg 270w, https:\/\/migracao.redenoticia.com.br\/noticia\/imagens\/a-dona-168x187.jpg 168w, https:\/\/migracao.redenoticia.com.br\/noticia\/imagens\/a-dona.jpg 380w\" sizes=\"auto, (max-width: 270px) 100vw, 270px\" \/>Resumo da novela <strong><em>\u201cA Dona&#8221;<\/em><\/strong> em 01\/04: no cap\u00edtulo 001(*) da novela, segunda-feira, 01 de abril, Valentina Vila\u00e7a \u00e9 uma executiva de sucesso que ficou \u00f3rf\u00e3 aos seis anos de idade, quando herdou uma grande fortuna. Foi criada por sua tia Isabel, que sempre a tratou como uma filha. Valentina cresceu junto a sua prima Ivana. Invejosa e em segredo, a prima passa a se encontrar com o noivo de Valentina. Dona Isabel fica entusiasmada com a despedida de solteira de Valentina.<\/p>\n<p>Ivana diz que ir\u00e1 apenas por se tratar de um compromisso \u201cafetuoso\u201d com sua prima, mas pressente que o evento ser\u00e1 um tanto quanto enfadonho. Enquanto Valentina agradece aos c\u00e9us por ter encontrado o homem mais maravilhoso do mundo, Ivana se encontra as escondidas com Alonso. Ele pede a ela que fique um pouco mais com ele, mas Ivana precisa ir assistir a despedida de solteira de Valentina. C\u00ednica, Ivana ainda diz que eles precisam seguir com o plano de ficarem com a metade da fortuna de Valentina e que Alonso deve se divorciar logo ap\u00f3s a lua de mel.<\/p>\n<p>Alonso faz um levantamento de todos os bens de Valentina e se d\u00e1 conta que est\u00e1 fazendo o melhor neg\u00f3cio de sua vida. Felipe diz a Alonso que est\u00e1 muito interessado em Ivana. Valentina diz a Ivana que espera conhecer o namorado dela no dia de seu casamento. Ivana, hip\u00f3crita, a abra\u00e7a friamente e diz que seu namorado estar\u00e1 l\u00e1 com toda certeza. Valentina e Alonso se beijam e Ivana os observa furiosa. Gabriela diz a Valentina que n\u00e3o gosta de Ivana, pois observa que ela tem muita inveja de Valentina. Ela pede que a amiga n\u00e3o julgue Ivana, pois ela \u00e9 como sua irm\u00e3. Alonso surpreende Valentina propondo que cancelem o casamento.<\/p>\n<p>(*) edi\u00e7\u00e3o do SBT, Novela \u201cA Dona\u201d, sujeito a altera\u00e7\u00e3o de data e conte\u00fado.<\/p>\n<p>Destaques<\/p>\n<p>&#8220;A Dona&#8221; &#8211; Valentina Vila\u00e7a (Lucero) \u00e9 uma mulher que tem uma grande fortuna, que seus pais deixaram para ela quando morreram em um acidente de carro. Ela tem uma mans\u00e3o na Cidade do M\u00e9xico, onde vive com sua tia Isabel Rangel de Dorantes (Silvia Pinal), e sua prima Ivana Dorantes Rangel (Gabriela Spanic) que trata Valentina com muita indiferen\u00e7a e sente inveja dela.<\/p>\n<p>Tudo muda para Valentina quando seu noivo Alonso Penalva (David Zepeda), tramando com Ivana no dia de seu casamento, a deixa esperando no altar. A partir da\u00ed, Valentina se torna uma mulher amarga, e vai para sua fazenda, no interior. Chegando l\u00e1, ela conhece seu vizinho Jos\u00e9 Miguel Montesinos (Fernando Colunga).<\/p>\n","protected":false},"excerpt":{"rendered":"<p>Resumo da novela \u201cA Dona&#8221; em 01\/04: no cap\u00edtulo 001(*) da novela, segunda-feira, 01 de abril, Valentina Vila\u00e7a \u00e9 uma executiva de sucesso que ficou \u00f3rf\u00e3 aos seis anos de idade, quando herdou uma grande fortuna. Foi criada por sua tia Isabel, que sempre a tratou como uma filha. Valentina cresceu junto a sua prima [&hellip;]<\/p>\n","protected":false},"author":2,"featured_media":173626,"comment_status":"open","ping_status":"closed","sticky":false,"template":"","format":"standard","meta":{"tdm_status":"","tdm_grid_status":"","footnotes":""},"categories":[379,372,343],"tags":[441],"class_list":{"0":"post-173637","1":"post","2":"type-post","3":"status-publish","4":"format-standard","5":"has-post-thumbnail","7":"category-novelas","8":"category-sbt","9":"category-televisao","10":"tag-resumo-do-dia"},"_links":{"self":[{"href":"https:\/\/migracao.redenoticia.com.br\/noticia\/wp-json\/wp\/v2\/posts\/173637","targetHints":{"allow":["GET"]}}],"collection":[{"href":"https:\/\/migracao.redenoticia.com.br\/noticia\/wp-json\/wp\/v2\/posts"}],"about":[{"href":"https:\/\/migracao.redenoticia.com.br\/noticia\/wp-json\/wp\/v2\/types\/post"}],"author":[{"embeddable":true,"href":"https:\/\/migracao.redenoticia.com.br\/noticia\/wp-json\/wp\/v2\/users\/2"}],"replies":[{"embeddable":true,"href":"https:\/\/migracao.redenoticia.com.br\/noticia\/wp-json\/wp\/v2\/comments?post=173637"}],"version-history":[{"count":0,"href":"https:\/\/migracao.redenoticia.com.br\/noticia\/wp-json\/wp\/v2\/posts\/173637\/revisions"}],"wp:featuredmedia":[{"embeddable":true,"href":"https:\/\/migracao.redenoticia.com.br\/noticia\/wp-json\/wp\/v2\/media\/173626"}],"wp:attachment":[{"href":"https:\/\/migracao.redenoticia.com.br\/noticia\/wp-json\/wp\/v2\/media?parent=173637"}],"wp:term":[{"taxonomy":"category","embeddable":true,"href":"https:\/\/migracao.redenoticia.com.br\/noticia\/wp-json\/wp\/v2\/categories?post=173637"},{"taxonomy":"post_tag","embeddable":true,"href":"https:\/\/migracao.redenoticia.com.br\/noticia\/wp-json\/wp\/v2\/tags?post=173637"}],"curies":[{"name":"wp","href":"https:\/\/api.w.org\/{rel}","templated":true}]}}