{"id":173655,"date":"2019-04-01T15:50:38","date_gmt":"2019-04-01T18:50:38","guid":{"rendered":"https:\/\/www.redenoticia.com.br\/noticia\/?p=173655"},"modified":"2019-04-01T15:50:40","modified_gmt":"2019-04-01T18:50:40","slug":"resumo-novela-a-garota-da-moto-02-04-bernarda-manda-naomi-atacar-com-tudo","status":"publish","type":"post","link":"https:\/\/migracao.redenoticia.com.br\/noticia\/2019\/resumo-novela-a-garota-da-moto-02-04-bernarda-manda-naomi-atacar-com-tudo\/173655","title":{"rendered":"Resumo novela \u201cA Garota da Moto\u201d 02\/04: Bernarda manda Naomi atacar com tudo"},"content":{"rendered":"<p><strong><em><img loading=\"lazy\" decoding=\"async\" class=\"aligncenter size-large wp-image-171233\" src=\"https:\/\/migracao.redenoticia.com.br\/noticia\/imagens\/a-garota-da-moto-sbt-300x300.jpg\" alt=\"\" width=\"300\" height=\"300\" srcset=\"https:\/\/migracao.redenoticia.com.br\/noticia\/imagens\/a-garota-da-moto-sbt-300x300.jpg 300w, https:\/\/migracao.redenoticia.com.br\/noticia\/imagens\/a-garota-da-moto-sbt-187x187.jpg 187w, https:\/\/migracao.redenoticia.com.br\/noticia\/imagens\/a-garota-da-moto-sbt.jpg 540w\" sizes=\"auto, (max-width: 300px) 100vw, 300px\" \/>Resumo novela \u201cA Garota da Moto\u201d 02\/04 <\/em><\/strong> no cap\u00edtulo 020(*) da novela, ter\u00e7a-feira, 02 de abril, a assistente social, \u00c9rika, acha que Nico tem um comportamento agressivo. Ela vai para a Mot\u00f3polis entrevistar os conhecidos de Joana e conversar com ela. Rafa executa seu plano contra Joana, colocando o sal\u00e1rio de Pam no arm\u00e1rio dela. Bact\u00e9ria e \u00c9rika acusam Joana de roubo. O pessoal da Mot\u00f3polis defende Joana e Pam fica preocupad\u00edssima com a amiga. Rafa, ao ver o sofrimento que causou em Pam, revela que foi ele que colocou o dinheiro l\u00e1 por acidente.<\/p>\n<p>Joana \u00e9 inocentada e \u00c9rika percebe que ela \u00e9 muito amada por todos, entendendo que Joana \u00e9 uma boa pessoa. Depois desse dia de c\u00e3o, Pam termina com Rafa e se demite da Mot\u00f3polis. Naomi leva Alex at\u00e9 Bernarda. Bernarda tenta se aproximar de Alex, quer trazer ele para o seu lado. Ela finge ser pr\u00f3xima de Joana, mas Alex n\u00e3o acredita nela. Bernarda fracassa com Alex e al\u00e9m disso descobre que seu plano contra Joana com a assistente social deu errado. Bernarda perde a paci\u00eancia e manda Naomi atacar com tudo.<\/p>\n<p>(*) edi\u00e7\u00e3o do SBT, Novela \u201cA Garota da Moto\u201d, sujeito a altera\u00e7\u00e3o de data e conte\u00fado.<\/p>\n<p>Sinopse \u2013 Joana vive o dia a dia fascinante e perigoso das ruas, viadutos e vias expressas de S\u00e3o Paulo sobre duas rodas. Ela \u00e9 uma motogirl que faz parte desse ex\u00e9rcito de mais de 300 mil pessoas que cruzam a cidade transportando de tudo, todos os dias, o dia inteiro. Um ex\u00e9rcito que \u00e9, como todos, predominantemente masculino. Joana \u00e9 uma exce\u00e7\u00e3o: \u00e9 mulher, jovem, bonita e acima de tudo, \u00e9 corajosa.<\/p>\n<p>Joana se tornou aventureira porque se viu acuada, tendo que defender sozinha o seu filho de oito anos, Nico, contra gente muito poderosa. Nessa jornada, ela descobre for\u00e7as que nem sabia que tinha \u2013 como acontece tantas vezes com os verdadeiros her\u00f3is.<\/p>\n","protected":false},"excerpt":{"rendered":"<p>Resumo novela \u201cA Garota da Moto\u201d 02\/04 no cap\u00edtulo 020(*) da novela, ter\u00e7a-feira, 02 de abril, a assistente social, \u00c9rika, acha que Nico tem um comportamento agressivo. Ela vai para a Mot\u00f3polis entrevistar os conhecidos de Joana e conversar com ela. Rafa executa seu plano contra Joana, colocando o sal\u00e1rio de Pam no arm\u00e1rio dela. [&hellip;]<\/p>\n","protected":false},"author":4,"featured_media":90196,"comment_status":"open","ping_status":"closed","sticky":false,"template":"","format":"standard","meta":{"tdm_status":"","tdm_grid_status":"","footnotes":""},"categories":[379,372,343],"tags":[441],"class_list":{"0":"post-173655","1":"post","2":"type-post","3":"status-publish","4":"format-standard","5":"has-post-thumbnail","7":"category-novelas","8":"category-sbt","9":"category-televisao","10":"tag-resumo-do-dia"},"_links":{"self":[{"href":"https:\/\/migracao.redenoticia.com.br\/noticia\/wp-json\/wp\/v2\/posts\/173655","targetHints":{"allow":["GET"]}}],"collection":[{"href":"https:\/\/migracao.redenoticia.com.br\/noticia\/wp-json\/wp\/v2\/posts"}],"about":[{"href":"https:\/\/migracao.redenoticia.com.br\/noticia\/wp-json\/wp\/v2\/types\/post"}],"author":[{"embeddable":true,"href":"https:\/\/migracao.redenoticia.com.br\/noticia\/wp-json\/wp\/v2\/users\/4"}],"replies":[{"embeddable":true,"href":"https:\/\/migracao.redenoticia.com.br\/noticia\/wp-json\/wp\/v2\/comments?post=173655"}],"version-history":[{"count":0,"href":"https:\/\/migracao.redenoticia.com.br\/noticia\/wp-json\/wp\/v2\/posts\/173655\/revisions"}],"wp:featuredmedia":[{"embeddable":true,"href":"https:\/\/migracao.redenoticia.com.br\/noticia\/wp-json\/wp\/v2\/media\/90196"}],"wp:attachment":[{"href":"https:\/\/migracao.redenoticia.com.br\/noticia\/wp-json\/wp\/v2\/media?parent=173655"}],"wp:term":[{"taxonomy":"category","embeddable":true,"href":"https:\/\/migracao.redenoticia.com.br\/noticia\/wp-json\/wp\/v2\/categories?post=173655"},{"taxonomy":"post_tag","embeddable":true,"href":"https:\/\/migracao.redenoticia.com.br\/noticia\/wp-json\/wp\/v2\/tags?post=173655"}],"curies":[{"name":"wp","href":"https:\/\/api.w.org\/{rel}","templated":true}]}}